{"id":102535,"date":"2025-05-15T18:17:08","date_gmt":"2025-05-15T18:17:08","guid":{"rendered":"https:\/\/www.europesays.com\/fr\/102535\/"},"modified":"2025-05-15T18:17:08","modified_gmt":"2025-05-15T18:17:08","slug":"lallemagne-et-le-royaume-uni-vont-developper-des-missiles-dune-portee-de-2000-kilometres","status":"publish","type":"post","link":"https:\/\/www.europesays.com\/fr\/102535\/","title":{"rendered":"L&rsquo;Allemagne et le Royaume-Uni vont d\u00e9velopper des missiles d&rsquo;une port\u00e9e de 2000 kilom\u00e8tres"},"content":{"rendered":"<p>R\u00e9unis ce jeudi 15 mai \u00e0 Berlin, les ministres allemand et britannique de la D\u00e9fense sont \u00ab convenus de commencer ensemble \u00e0 travailler sur le d\u00e9veloppement d&rsquo;une nouvelle capacit\u00e9 europ\u00e9enne de frappe de pr\u00e9cision en profondeur, avec une port\u00e9e de plus de 2 000 kilom\u00e8tres \u00bb.<\/p>\n<p>C&rsquo;est la premi\u00e8re concr\u00e9tisation du r\u00e9cent accord de d\u00e9fense entre Berlin et Londres pour faire face \u00e0 la menace russe. Les deux pays comptent d\u00e9velopper ensemble un syst\u00e8me d&rsquo;armes de frappe de longue port\u00e9e de plus de 2 000 kilom\u00e8tres. Cette port\u00e9e est largement sup\u00e9rieure \u00e0 celle des missiles de croisi\u00e8re franco-britanniques Storm Shadow.<\/p>\n<p>Ce projet, sans calendrier pr\u00e9cis, s&rsquo;inscrit dans <strong><a href=\"https:\/\/www.rfi.fr\/fr\/europe\/20241023-d\u00e9fense-londres-et-berlin-signent-un-accord-sans-pr\u00e9c\u00e9dent\" rel=\"nofollow noopener\" target=\"_blank\" data-ylk=\"slk:l&#039;accord dit de \u00ab Trinity House \u00bb,;elm:context_link;itc:0;sec:content-canvas\" class=\"link \">l&rsquo;accord dit de \u00ab Trinity House \u00bb,<\/a><\/strong> premier de ce type entre les deux pays, sign\u00e9 en octobre 2024. Mais il se place \u00ab dans le cadre de l&rsquo;approche europ\u00e9enne sur les frappes de longue port\u00e9e \u00bb Elsa (European Long-Range Strike Approach), a rappel\u00e9 le ministre allemand de la D\u00e9fense, Boris Pistorius.<\/p>\n<p>Initiative lanc\u00e9e par la France, l&rsquo;<strong><a href=\"https:\/\/www.rfi.fr\/fr\/tag\/allemagne\/\" rel=\"nofollow noopener\" target=\"_blank\" data-ylk=\"slk:Allemagne;elm:context_link;itc:0;sec:content-canvas\" class=\"link \">Allemagne<\/a><\/strong>, l&rsquo;Italie et la Pologne, Elsa vise au d\u00e9veloppement et \u00e0 la production des armes de frappe \u00e0 longue port\u00e9e, dans un contexte de tensions croissantes avec la Russie. Cela \u00ab a l&rsquo;avantage de permettre \u00e0 d&rsquo;autres partenaires de se joindre \u00e0 notre initiative et de tirer parti des synergies \u00bb, a soulign\u00e9 Boris Pistorius.<\/p>\n<p>Objectif : renforcer la d\u00e9fense du flanc oriental de l&rsquo;Otan<\/p>\n<p><a href=\"https:\/\/www.rfi.fr\/fr\/europe\/20250515-l-allemagne-et-le-royaume-uni-vont-d%C3%A9velopper-des-missiles-d-une-port%C3%A9e-de-2000-kilom%C3%A8tres\" rel=\"nofollow noopener\" target=\"_blank\" data-ylk=\"slk:Lire la suite sur RFI;elm:context_link;itc:0;sec:content-canvas\" class=\"link \">Lire la suite sur RFI<\/a><\/p>\n","protected":false},"excerpt":{"rendered":"R\u00e9unis ce jeudi 15 mai \u00e0 Berlin, les ministres allemand et britannique de la D\u00e9fense sont \u00ab convenus&hellip;\n","protected":false},"author":2,"featured_media":102536,"comment_status":"","ping_status":"","sticky":false,"template":"","format":"standard","meta":{"footnotes":""},"categories":[1587],"tags":[11,672,8164,1804,1805,1803,1777,674,1801,1877,21853,8696,12,1802],"class_list":{"0":"post-102535","1":"post","2":"type-post","3":"status-publish","4":"format-standard","5":"has-post-thumbnail","7":"category-allemagne","8":"tag-actualites","9":"tag-allemagne","10":"tag-boris-pistorius","11":"tag-bundesrepublik-deutschland","12":"tag-de","13":"tag-deutschland","14":"tag-eu","15":"tag-europe","16":"tag-germany","17":"tag-la-defense","18":"tag-longue-portee","19":"tag-missiles-de-croisiere","20":"tag-news","21":"tag-republique-federale-dallemagne"},"share_on_mastodon":{"url":"https:\/\/pubeurope.com\/@fr\/114513224907287691","error":""},"_links":{"self":[{"href":"https:\/\/www.europesays.com\/fr\/wp-json\/wp\/v2\/posts\/102535","targetHints":{"allow":["GET"]}}],"collection":[{"href":"https:\/\/www.europesays.com\/fr\/wp-json\/wp\/v2\/posts"}],"about":[{"href":"https:\/\/www.europesays.com\/fr\/wp-json\/wp\/v2\/types\/post"}],"author":[{"embeddable":true,"href":"https:\/\/www.europesays.com\/fr\/wp-json\/wp\/v2\/users\/2"}],"replies":[{"embeddable":true,"href":"https:\/\/www.europesays.com\/fr\/wp-json\/wp\/v2\/comments?post=102535"}],"version-history":[{"count":0,"href":"https:\/\/www.europesays.com\/fr\/wp-json\/wp\/v2\/posts\/102535\/revisions"}],"wp:featuredmedia":[{"embeddable":true,"href":"https:\/\/www.europesays.com\/fr\/wp-json\/wp\/v2\/media\/102536"}],"wp:attachment":[{"href":"https:\/\/www.europesays.com\/fr\/wp-json\/wp\/v2\/media?parent=102535"}],"wp:term":[{"taxonomy":"category","embeddable":true,"href":"https:\/\/www.europesays.com\/fr\/wp-json\/wp\/v2\/categories?post=102535"},{"taxonomy":"post_tag","embeddable":true,"href":"https:\/\/www.europesays.com\/fr\/wp-json\/wp\/v2\/tags?post=102535"}],"curies":[{"name":"wp","href":"https:\/\/api.w.org\/{rel}","templated":true}]}}