{"id":102546,"date":"2025-05-15T18:24:09","date_gmt":"2025-05-15T18:24:09","guid":{"rendered":"https:\/\/www.europesays.com\/fr\/102546\/"},"modified":"2025-05-15T18:24:09","modified_gmt":"2025-05-15T18:24:09","slug":"brett-walsh-veut-quitter-lalterna-stade-poitevin-en-beaute","status":"publish","type":"post","link":"https:\/\/www.europesays.com\/fr\/102546\/","title":{"rendered":"Brett Walsh veut quitter l\u2019Alterna Stade Poitevin en beaut\u00e9"},"content":{"rendered":"<p><strong>Tours\u00a0&#8211; Poitiers<\/strong><\/p>\n<p>Apr\u00e8s deux saisons \u00e0 porter les couleurs de l\u2019Alterna Stade Poitevin, Brett Walsh (31\u00a0ans) va disputer ce samedi \u00e0 Tours, en finale retour, son dernier match sous les couleurs poitevines. Une \u00e9tape importante que le passeur canadien esp\u00e8re conclure en beaut\u00e9 avec une formation ayant r\u00e9alis\u00e9 des miracles sous la direction de Dan Lewis.<\/p>\n<p class=\"interview\">Que vous a-t-il manqu\u00e9 samedi dernier pour l\u2019emporter face \u00e0 Tours\u00a0?<\/p>\n<p>\u00ab\u00a0Probablement de r\u00e9gularit\u00e9 car nous avons jou\u00e9 deux sets tr\u00e8s bien, le deuxi\u00e8me et le troisi\u00e8me. Mais ils ont fait la diff\u00e9rence \u00e0 la fin de celui-ci. Derri\u00e8re, on n\u2019a pas r\u00e9ussi \u00e0 retrouver le m\u00eame niveau et Tours a su faire la diff\u00e9rence en ayant pris de la confiance.\u00a0\u00bb<\/p>\n<p class=\"interview\">Que faudra-t-il faire pour aller chercher un succ\u00e8s \u00e0 Grenon au retour\u00a0?<\/p>\n<p>\u00ab\u00a0On va juste y aller avec de la confiance et l\u2019envie de jouer ensemble. Quoi qu\u2019il arrive, ce sera important de rester solides et solidaires en jouant jusqu\u2019au dernier point. Si on reste ensemble mentalement, on aura une bonne opportunit\u00e9 de remporter le dernier point.\u00a0\u00bb<\/p>\n<p>\u00ab\u00a0Il faut se dire que c\u2019est juste un nouveau match\u00a0\u00bb<\/p>\n<p class=\"interview\">Vous avez l\u2019exp\u00e9rience de ce genre de matchs puisque vous avez d\u00e9j\u00e0 \u00e9t\u00e9 sacr\u00e9 champion en Belgique o\u00f9 vous avez \u00e9galement remport\u00e9 des coupes, tout comme en Gr\u00e8ce. Y a-t-il une mani\u00e8re diff\u00e9rente d\u2019aborder ce genre d\u2019\u00e9v\u00e9nement\u00a0?<\/p>\n<p>\u00ab\u00a0C\u2019est bien s\u00fbr un moment sp\u00e9cial mais il faut se dire que c\u2019est juste un nouveau match. Avec l\u2019exp\u00e9rience, \u00e7a devient plus clair. C\u2019est vrai qu\u2019il est tr\u00e8s difficile de se mettre dans cet \u00e9tat d\u2019esprit puisqu\u2019il s\u2019agit de la rencontre que les \u00e9quipes ont envie de disputer durant toute l\u2019ann\u00e9e. Ce sont de bonnes \u00e9motions cependant, c\u2019est tr\u00e8s excitant.\u00a0\u00bb<\/p>\n<p class=\"interview\">Il y a quelques mois, peu de gens voyaient l\u2019Alterna Stade Poitevin arriver en finale. Qu\u2019est-ce qui vous a permis d\u2019y parvenir\u00a0?<\/p>\n<p>\u00ab\u00a0Beaucoup de choses. On a fait un parcours particulier et cela nous a finalement aid\u00e9s car nous avons d\u00fb affronter beaucoup de situations diff\u00e9rentes. M\u00eame s\u2019il y a eu des changements, la majorit\u00e9 du groupe est rest\u00e9e la m\u00eame. On a beaucoup appris pendant la saison, on a v\u00e9cu des moments difficiles ensemble. Cela nous a permis de devenir plus forts.\u00a0\u00bb<\/p>\n<p class=\"interview\">L\u2019arriv\u00e9e de Nik Mujanovic a aussi chang\u00e9 les choses. Celui-ci ne cesse de mettre en avant votre relation puisqu\u2019en tant que passeur vous le trouvez facilement alors que vous avez eu peu de temps pour vous r\u00e9gler ensemble. Comment l\u2019expliquez-vous\u00a0?<\/p>\n<p>\u00ab\u00a0Parfois, il arrive que les connexions se fassent rapidement. On s\u2019est trouv\u00e9 assez rapidement mais c\u2019est un joueur tr\u00e8s fort, il n\u2019y a donc pas besoin de faire grand-chose pour le mettre dans une bonne situation. Il s\u2019adapte facilement, je me dis que j\u2019ai de la chance de jouer avec lui.\u00a0\u00bb<\/p>\n<p class=\"interview\">Vous avez beaucoup d\u2019options \u00e0 votre disposition, \u00e0 l\u2019image, par exemple, d\u2019\u00e9l\u00e9ments comme Thibaut Thoral ou Thomas Pujol. Est-ce confortable pour vous\u00a0?<\/p>\n<p>\u00ab\u00a0C\u2019est vrai mais c\u2019\u00e9tait aussi le cas en d\u00e9but de saison. Nous avons un groupe avec de la profondeur, ce qui nous permet d\u2019avoir des solutions selon le d\u00e9roulement des matchs. C\u2019est un plaisir pour un passeur d\u2019avoir beaucoup de choix comme cela.\u00a0\u00bb<\/p>\n<p class=\"interview\">Que ressentez-vous \u00e0 l\u2019id\u00e9e que, samedi, vous allez disputer votre dernier match sous les couleurs de Poitiers\u00a0?<\/p>\n<p>\u00ab\u00a0Je suis \u00e0 la fois concentr\u00e9 sur le match mais j\u2019ai aussi envie de profiter des derniers moments \u00e0 Poitiers. Cela aura \u00e9t\u00e9 deux ann\u00e9es sp\u00e9ciales pour moi. J\u2019ai beaucoup de bons souvenirs, notamment de matchs \u00e0 Lawson-Body avec cette ambiance unique. Je pense aux supporters qui ont toujours \u00e9t\u00e9 l\u00e0 \u00e0 nous soutenir, on a souvent partag\u00e9 des moments avec eux apr\u00e8s les matchs. Je vais conserver cela en t\u00eate pendant longtemps. Tout cela me donne la force de jouer encore plus pour le club et tous les gens qui nous soutiennent. J\u2019aimerais vraiment ramener le titre pour eux. Ce serait la cerise sur le g\u00e2teau de ces deux ann\u00e9es.\u00a0\u00bb<\/p>\n<p>Samedi \u00e0 20\u00a0h, salle Robert-Grenon (Tours).<\/p><\/p>\n","protected":false},"excerpt":{"rendered":"Tours\u00a0&#8211; Poitiers Apr\u00e8s deux saisons \u00e0 porter les couleurs de l\u2019Alterna Stade Poitevin, Brett Walsh (31\u00a0ans) va disputer&hellip;\n","protected":false},"author":2,"featured_media":102547,"comment_status":"","ping_status":"","sticky":false,"template":"","format":"standard","meta":{"footnotes":""},"categories":[1417],"tags":[1392,1654,1011,27,1387,1653,60,1390,1471,2767,1584,1470,1469],"class_list":{"0":"post-102546","1":"post","2":"type-post","3":"status-publish","4":"format-standard","5":"has-post-thumbnail","7":"category-volley","8":"tag-a-la-une-local","9":"tag-alterna-stade-poitevin-volley-ball","10":"tag-fr","11":"tag-france","12":"tag-indre-et-loire","13":"tag-poitiers","14":"tag-sports","15":"tag-tours","16":"tag-tours-volley-ball","17":"tag-tvb-37","18":"tag-vienne","19":"tag-volley","20":"tag-volleyball"},"share_on_mastodon":{"url":"https:\/\/pubeurope.com\/@fr\/114513253480325198","error":""},"_links":{"self":[{"href":"https:\/\/www.europesays.com\/fr\/wp-json\/wp\/v2\/posts\/102546","targetHints":{"allow":["GET"]}}],"collection":[{"href":"https:\/\/www.europesays.com\/fr\/wp-json\/wp\/v2\/posts"}],"about":[{"href":"https:\/\/www.europesays.com\/fr\/wp-json\/wp\/v2\/types\/post"}],"author":[{"embeddable":true,"href":"https:\/\/www.europesays.com\/fr\/wp-json\/wp\/v2\/users\/2"}],"replies":[{"embeddable":true,"href":"https:\/\/www.europesays.com\/fr\/wp-json\/wp\/v2\/comments?post=102546"}],"version-history":[{"count":0,"href":"https:\/\/www.europesays.com\/fr\/wp-json\/wp\/v2\/posts\/102546\/revisions"}],"wp:featuredmedia":[{"embeddable":true,"href":"https:\/\/www.europesays.com\/fr\/wp-json\/wp\/v2\/media\/102547"}],"wp:attachment":[{"href":"https:\/\/www.europesays.com\/fr\/wp-json\/wp\/v2\/media?parent=102546"}],"wp:term":[{"taxonomy":"category","embeddable":true,"href":"https:\/\/www.europesays.com\/fr\/wp-json\/wp\/v2\/categories?post=102546"},{"taxonomy":"post_tag","embeddable":true,"href":"https:\/\/www.europesays.com\/fr\/wp-json\/wp\/v2\/tags?post=102546"}],"curies":[{"name":"wp","href":"https:\/\/api.w.org\/{rel}","templated":true}]}}