{"id":102561,"date":"2025-05-15T18:34:11","date_gmt":"2025-05-15T18:34:11","guid":{"rendered":"https:\/\/www.europesays.com\/fr\/102561\/"},"modified":"2025-05-15T18:34:11","modified_gmt":"2025-05-15T18:34:11","slug":"en-images-neufchateau-des-astuces-de-rangement-familial-dans-le-livre-danais-primenaro","status":"publish","type":"post","link":"https:\/\/www.europesays.com\/fr\/102561\/","title":{"rendered":"En images | Neufch\u00e2teau. Des astuces de rangement familial dans le livre d\u2019Ana\u00efs Primenaro"},"content":{"rendered":"<p>Ana\u00efs Primenaro a d\u00e9dicac\u00e9 son tout premier livre, Faites bon m\u00e9nage , \u00e0 la librairie Lambert. Elle y livre de nombreuses astuces pour faciliter le quotidien\u00a0: nettoyer son int\u00e9rieur sans produits chimiques, impliquer toute la famille dans l\u2019entretien de la maison, ou encore organiser de petits d\u00e9fis ludiques pour encourager les enfants \u00e0 ranger leurs jouets.<\/p>\n","protected":false},"excerpt":{"rendered":"Ana\u00efs Primenaro a d\u00e9dicac\u00e9 son tout premier livre, Faites bon m\u00e9nage , \u00e0 la librairie Lambert. Elle y&hellip;\n","protected":false},"author":2,"featured_media":102562,"comment_status":"","ping_status":"","sticky":false,"template":"","format":"standard","meta":{"footnotes":""},"categories":[1357],"tags":[1379,1687,58,1797,59,1011,27,1380,17139,17140],"class_list":{"0":"post-102561","1":"post","2":"type-post","3":"status-publish","4":"format-standard","5":"has-post-thumbnail","7":"category-livres","8":"tag-books","9":"tag-culture-loisirs","10":"tag-divertissement","11":"tag-edition-la-plaine","12":"tag-entertainment","13":"tag-fr","14":"tag-france","15":"tag-livres","16":"tag-neufchateau","17":"tag-neufchateau-ville-88a"},"share_on_mastodon":{"url":"https:\/\/pubeurope.com\/@fr\/114513291724297800","error":""},"_links":{"self":[{"href":"https:\/\/www.europesays.com\/fr\/wp-json\/wp\/v2\/posts\/102561","targetHints":{"allow":["GET"]}}],"collection":[{"href":"https:\/\/www.europesays.com\/fr\/wp-json\/wp\/v2\/posts"}],"about":[{"href":"https:\/\/www.europesays.com\/fr\/wp-json\/wp\/v2\/types\/post"}],"author":[{"embeddable":true,"href":"https:\/\/www.europesays.com\/fr\/wp-json\/wp\/v2\/users\/2"}],"replies":[{"embeddable":true,"href":"https:\/\/www.europesays.com\/fr\/wp-json\/wp\/v2\/comments?post=102561"}],"version-history":[{"count":0,"href":"https:\/\/www.europesays.com\/fr\/wp-json\/wp\/v2\/posts\/102561\/revisions"}],"wp:featuredmedia":[{"embeddable":true,"href":"https:\/\/www.europesays.com\/fr\/wp-json\/wp\/v2\/media\/102562"}],"wp:attachment":[{"href":"https:\/\/www.europesays.com\/fr\/wp-json\/wp\/v2\/media?parent=102561"}],"wp:term":[{"taxonomy":"category","embeddable":true,"href":"https:\/\/www.europesays.com\/fr\/wp-json\/wp\/v2\/categories?post=102561"},{"taxonomy":"post_tag","embeddable":true,"href":"https:\/\/www.europesays.com\/fr\/wp-json\/wp\/v2\/tags?post=102561"}],"curies":[{"name":"wp","href":"https:\/\/api.w.org\/{rel}","templated":true}]}}