{"id":102563,"date":"2025-05-15T18:35:16","date_gmt":"2025-05-15T18:35:16","guid":{"rendered":"https:\/\/www.europesays.com\/fr\/102563\/"},"modified":"2025-05-15T18:35:16","modified_gmt":"2025-05-15T18:35:16","slug":"dna-du-16-mai-2025-en-avance-damien-au-plus-mal","status":"publish","type":"post","link":"https:\/\/www.europesays.com\/fr\/102563\/","title":{"rendered":"DNA du 16 mai 2025 en avance &#8211; Damien au plus mal&#8230;"},"content":{"rendered":"<p id=\"descriptionPanel\" aria-labelledby=\"descriptionArrow\" aria-expanded=\"false\" class=\"mr-2 line-clamp-2 pr-2.5 text-secondary overflow-visible\">Depuis les lourdes r\u00e9v\u00e9lations de sa m\u00e8re, Damien Julliard est rong\u00e9 par la col\u00e8re et l&rsquo;inqui\u00e9tude. Charles est toujours introuvable et le policier ne peut s&#8217;emp\u00eacher d&rsquo;imaginer le pire pour son fr\u00e8re. Il est \u00e9galement tr\u00e8s remont\u00e9 contre sa m\u00e8re, qu&rsquo;il consid\u00e8re responsable de l&rsquo;enl\u00e8vement de Charles. Heureusement, Damien peut compter sur le soutien de sa ch\u00e9rie, Audrey Roussel. Il se raccroche \u00e0 la seule piste qu&rsquo;il a : Julien Chauvet&#8230; Premi\u00e8res minutes de l&rsquo;\u00e9pisode 1945 du 16 mai 2025 en avance. Retrouvez \u00ab\u00a0Demain nous appartient\u00a0\u00bb, du lundi au vendredi \u00e0 19h10 sur TF1.<\/p>\n<p><a class=\"shrink-0\" href=\"https:\/\/www.tf1.fr\/tf1\/demain-nous-appartient\" target=\"_blank\" rel=\"noopener\"><img decoding=\"async\" src=\"https:\/\/www.europesays.com\/fr\/wp-content\/uploads\/2025\/04\/program-card-portrait-1-3fdcb3-52f59d-0@1x.jpg\" width=\"138\" height=\"184\" alt=\"\" loading=\"eager\" fetchpriority=\"auto\" class=\"aspect-[3\/4] h-24 w-auto rounded-3px\" aria-hidden=\"true\"\/><\/a><\/p>\n","protected":false},"excerpt":{"rendered":"Depuis les lourdes r\u00e9v\u00e9lations de sa m\u00e8re, Damien Julliard est rong\u00e9 par la col\u00e8re et l&rsquo;inqui\u00e9tude. Charles est&hellip;\n","protected":false},"author":2,"featured_media":102564,"comment_status":"","ping_status":"","sticky":false,"template":"","format":"standard","meta":{"footnotes":""},"categories":[1356],"tags":[3598,4648,58,59,3483,4647,1011,27,4092,252,1364,4091,4093],"class_list":{"0":"post-102563","1":"post","2":"type-post","3":"status-publish","4":"format-standard","5":"has-post-thumbnail","7":"category-television","8":"tag-demain-nous-appartient","9":"tag-demain-nous-appartient-extrait","10":"tag-divertissement","11":"tag-entertainment","12":"tag-extrait","13":"tag-extrait-demain-nous-appartient","14":"tag-fr","15":"tag-france","16":"tag-streaming-demain-nous-appartient","17":"tag-television","18":"tag-tv","19":"tag-video-demain-nous-appartient","20":"tag-video-en-streaming-demain-nous-appartient"},"share_on_mastodon":{"url":"https:\/\/pubeurope.com\/@fr\/114513295699812136","error":""},"_links":{"self":[{"href":"https:\/\/www.europesays.com\/fr\/wp-json\/wp\/v2\/posts\/102563","targetHints":{"allow":["GET"]}}],"collection":[{"href":"https:\/\/www.europesays.com\/fr\/wp-json\/wp\/v2\/posts"}],"about":[{"href":"https:\/\/www.europesays.com\/fr\/wp-json\/wp\/v2\/types\/post"}],"author":[{"embeddable":true,"href":"https:\/\/www.europesays.com\/fr\/wp-json\/wp\/v2\/users\/2"}],"replies":[{"embeddable":true,"href":"https:\/\/www.europesays.com\/fr\/wp-json\/wp\/v2\/comments?post=102563"}],"version-history":[{"count":0,"href":"https:\/\/www.europesays.com\/fr\/wp-json\/wp\/v2\/posts\/102563\/revisions"}],"wp:featuredmedia":[{"embeddable":true,"href":"https:\/\/www.europesays.com\/fr\/wp-json\/wp\/v2\/media\/102564"}],"wp:attachment":[{"href":"https:\/\/www.europesays.com\/fr\/wp-json\/wp\/v2\/media?parent=102563"}],"wp:term":[{"taxonomy":"category","embeddable":true,"href":"https:\/\/www.europesays.com\/fr\/wp-json\/wp\/v2\/categories?post=102563"},{"taxonomy":"post_tag","embeddable":true,"href":"https:\/\/www.europesays.com\/fr\/wp-json\/wp\/v2\/tags?post=102563"}],"curies":[{"name":"wp","href":"https:\/\/api.w.org\/{rel}","templated":true}]}}