{"id":102565,"date":"2025-05-15T18:36:09","date_gmt":"2025-05-15T18:36:09","guid":{"rendered":"https:\/\/www.europesays.com\/fr\/102565\/"},"modified":"2025-05-15T18:36:09","modified_gmt":"2025-05-15T18:36:09","slug":"barbara-pravi-prend-une-decision-radicale-et-demande-pardon-a-ses-fans-jespere-que-vous-comprendrez","status":"publish","type":"post","link":"https:\/\/www.europesays.com\/fr\/102565\/","title":{"rendered":"Barbara Pravi prend une d\u00e9cision radicale et \u201cdemande pardon\u201d \u00e0 ses fans : \u201cJ\u2019esp\u00e8re que vous comprendrez\u201d"},"content":{"rendered":"<p>\u00a0\u00bb Les choses simples. (&#8230;) J\u2019avoue que \u00e7a me fait un bien fou de m\u2019\u00e9loigner du &lsquo;trop&rsquo;&#8230; \u00ab\u00a0, a \u00e9crit Barbara Pravi ce mardi 13 mai sur son compte Instagram, \u00e0 son retour de vacances. Apr\u00e8s des cong\u00e9s \u00a0\u00bb exceptionnels \u00a0\u00bb m\u00ealant soleil, d\u00e9tente et cr\u00e9ation, l&rsquo;artiste a \u00e9t\u00e9 amen\u00e9e \u00e0 faire un choix corn\u00e9lien. Barbara Pravi : \u00a0\u00bb J&rsquo;ai de plus en plus de mal&#8230; \u00a0\u00bb \u00a0\u00bb Je me pose beaucoup de questions ces derniers temps sur (&#8230;) comment faire ce m\u00e9tier sans que \u00e7a bouleverse l\u2019int\u00e9rieur, sans que \u00e7a n\u2019envahisse au point de d\u00e9go\u00fbter ou faire peur. Je crois que je me suis laiss\u00e9e envahir par la course, sans m\u00eame m\u2019en rendre compte. Je me sens tiraill\u00e9e entre l\u2019envie br\u00fblante d\u2019\u00eatre sur sc\u00e8ne pr\u00e8s de vous et celle de me taire et me replier pour cr\u00e9er. J\u2019ai de plus en plus de mal \u00e0 comprendre le jeux des r\u00e9seaux, \u00e7a ne me rend pas heureuse, voir m\u2019angoisse. C\u2019est devenu un syst\u00e8me grossier et violent pour moi et j\u2019ai besoin de retrouver un \u00e9quilibre \u00ab\u00a0, explique l&rsquo;interpr\u00e8te de Voil\u00e0 , qui avait sign\u00e9 en 2021 le meilleur score \u00e0 l&rsquo;Eurovision pour la France depuis trente ans. \u00c0 lire \u00e9galement \u00ab\u00a0C&rsquo;est la premi\u00e8re fois que\u2026\u00a0\u00bb : Louane fait une r\u00e9v\u00e9lation de taille sur sa participation \u00e0 The Voice (VIDEO) La chanteuse \u00a0\u00bb rong\u00e9e \u00a0\u00bb par un choix corn\u00e9lien, elle s&rsquo;explique C&rsquo;est donc, avec une certaine difficult\u00e9, que Barbara Pravi a fait le choix de ne plus partager son quotidien sur les r\u00e9seaux sociaux, quitte \u00e0 perdre une partie du contact qu&rsquo;elle a avec ses abonn\u00e9s. \u00a0\u00bb \u00c7a fait quelques temps que je m\u2019\u00e9loigne doucement ici, je parle moins, je montre moins, je sais que \u00e7a me fait m\u2019\u00e9loigner de vous par extension puisque c\u2019est ici notre lien premier, et je vous demande pardon. (&#8230;) J\u2019avais pris l\u2019habitude d\u2019\u00eatre dans l\u2019ultra proximit\u00e9, c\u2019est ma nature, mais ces derniers temps, \u00e7a me ronge et j\u2019ai besoin de prendre soin d\u2019une intimit\u00e9 trop longtemps d\u00e9voil\u00e9e et offerte. C\u2019est ainsi que je pourrais continuer d\u2019\u00e9crire, de chanter, de donner des concerts, bref, faire ce que j\u2019aime et fait de mieux, pour vous retrouver dans la vraie vie. (&#8230;) J\u2019esp\u00e8re que vous comprendrez ce besoin d\u2019\u00eatre un peu plus off virtuellement \u00ab\u00a0, conclut la chanteuse dans sa lettre ouverte. Mais Barbara Pravi qui \u00e9tait au RSA avant la pand\u00e9mie de 2020 retrouvera tr\u00e8s vite ses fans dans \u00ab\u00a0la vie r\u00e9elle\u00a0\u00bb, puisqu&rsquo;elle sera en tourn\u00e9e de festivals tout au long de l&rsquo;\u00e9t\u00e9. View this post on Instagram A post shared by Barbara Pravi (@babpravi)<\/p>\n","protected":false},"excerpt":{"rendered":"\u00a0\u00bb Les choses simples. (&#8230;) J\u2019avoue que \u00e7a me fait un bien fou de m\u2019\u00e9loigner du &lsquo;trop&rsquo;&#8230; \u00ab\u00a0,&hellip;\n","protected":false},"author":2,"featured_media":102566,"comment_status":"","ping_status":"","sticky":false,"template":"","format":"standard","meta":{"footnotes":""},"categories":[1355],"tags":[16845,21854,58,59,1011,27,21855,1361,873],"class_list":{"0":"post-102565","1":"post","2":"type-post","3":"status-publish","4":"format-standard","5":"has-post-thumbnail","7":"category-musique","8":"tag-barbara-pravi","9":"tag-choix-cornelien","10":"tag-divertissement","11":"tag-entertainment","12":"tag-fr","13":"tag-france","14":"tag-jai-besoin","15":"tag-music","16":"tag-musique"},"share_on_mastodon":{"url":"https:\/\/pubeurope.com\/@fr\/114513299607064264","error":""},"_links":{"self":[{"href":"https:\/\/www.europesays.com\/fr\/wp-json\/wp\/v2\/posts\/102565","targetHints":{"allow":["GET"]}}],"collection":[{"href":"https:\/\/www.europesays.com\/fr\/wp-json\/wp\/v2\/posts"}],"about":[{"href":"https:\/\/www.europesays.com\/fr\/wp-json\/wp\/v2\/types\/post"}],"author":[{"embeddable":true,"href":"https:\/\/www.europesays.com\/fr\/wp-json\/wp\/v2\/users\/2"}],"replies":[{"embeddable":true,"href":"https:\/\/www.europesays.com\/fr\/wp-json\/wp\/v2\/comments?post=102565"}],"version-history":[{"count":0,"href":"https:\/\/www.europesays.com\/fr\/wp-json\/wp\/v2\/posts\/102565\/revisions"}],"wp:featuredmedia":[{"embeddable":true,"href":"https:\/\/www.europesays.com\/fr\/wp-json\/wp\/v2\/media\/102566"}],"wp:attachment":[{"href":"https:\/\/www.europesays.com\/fr\/wp-json\/wp\/v2\/media?parent=102565"}],"wp:term":[{"taxonomy":"category","embeddable":true,"href":"https:\/\/www.europesays.com\/fr\/wp-json\/wp\/v2\/categories?post=102565"},{"taxonomy":"post_tag","embeddable":true,"href":"https:\/\/www.europesays.com\/fr\/wp-json\/wp\/v2\/tags?post=102565"}],"curies":[{"name":"wp","href":"https:\/\/api.w.org\/{rel}","templated":true}]}}