{"id":1025675,"date":"2026-06-26T11:38:18","date_gmt":"2026-06-26T11:38:18","guid":{"rendered":"https:\/\/www.europesays.com\/fr\/1025675\/"},"modified":"2026-06-26T11:38:18","modified_gmt":"2026-06-26T11:38:18","slug":"canicule-en-europe-lonu-juge-possible-quil-sagisse-dune-vague-de-chaleur-record-actualites","status":"publish","type":"post","link":"https:\/\/www.europesays.com\/fr\/1025675\/","title":{"rendered":"Canicule en Europe: l&rsquo;ONU juge \u00ab\u00a0possible\u00a0\u00bb qu&rsquo;il s&rsquo;agisse d&rsquo;une vague de chaleur record : Actualit\u00e9s"},"content":{"rendered":"<p class=\"lead \">L&rsquo;Organisation m\u00e9t\u00e9orologique mondiale (OMM) a jug\u00e9 \u00ab\u00a0possible\u00a0\u00bb vendredi que la vague de chaleur frappant actuellement l&rsquo;Europe soit un ph\u00e9nom\u00e8ne record, tout en soulignant qu&rsquo;il \u00e9tait encore pr\u00e9matur\u00e9 de l&rsquo;affirmer.<\/p>\n<p class=\"lead \">\u00ab\u00a0Il est possible qu&rsquo;\u00e0 la fin de l&rsquo;\u00e9t\u00e9, en regardant r\u00e9trospectivement l&rsquo;ensemble de la saison, nous puissions dire qu&rsquo;il s&rsquo;agit d&rsquo;une vague de chaleur record. Mais, \u00e0 ce stade, elle est encore tr\u00e8s largement en cours\u00a0\u00bb, a d\u00e9clar\u00e9 Clare Nullis, porte-parole de l&rsquo;OMM, devant la presse \u00e0 Gen\u00e8ve.<\/p>\n<p class=\"lead \">\u00ab\u00a0Je pense que, dans certains pays comme la France, il est tout \u00e0 fait justifi\u00e9 d&#8217;employer l&rsquo;expression vague de chaleur record. Mais si l&rsquo;on regarde l&rsquo;ann\u00e9e derni\u00e8re, nous avons \u00e9galement connu des vagues de chaleur record, sauf qu&rsquo;elles ont touch\u00e9 une autre partie de l&rsquo;Europe, en l&rsquo;occurrence la Scandinavie\u00a0\u00bb, a-t-elle ajout\u00e9.<\/p>\n<p class=\"lead \">Selon Mme Nullis, \u00ab\u00a0il ne faut pas oublier que nous sommes encore en plein milieu de cet \u00e9pisode. Il est inhabituel, mais pas exceptionnel : nous avons d\u00e9j\u00e0 connu des vagues de chaleur comparables en juin. L&rsquo;\u00e9pisode est toujours en cours et il est maintenant en train de se d\u00e9placer vers l&rsquo;Europe centrale puis les Balkans\u00a0\u00bb.<\/p>\n<p class=\"lead \">Au moins 150 millions d&rsquo;habitants en Europe, dont plus de 50 millions en Allemagne et plus de 30 millions en France, devraient conna\u00eetre des temp\u00e9ratures sup\u00e9rieures \u00e0 35\u00b0C \u00e0 un moment de la journ\u00e9e vendredi, selon les calculs de l&rsquo;AFP.<\/p>\n<p class=\"lead \">Mme Nullis a alert\u00e9 vendredi sur \u00ab\u00a0des impacts majeurs\u00a0\u00bb du ph\u00e9nom\u00e8ne \u00ab\u00a0sur la sant\u00e9 humaine, sur les \u00e9cosyst\u00e8mes, sur l&rsquo;agriculture, sur la productivit\u00e9 du travail, et il est accompagn\u00e9 dans certaines r\u00e9gions, en particulier en France, par une aggravation de la s\u00e9cheresse et du risque d&rsquo;incendies, ainsi que par des temp\u00eates localis\u00e9es\u00a0\u00bb, a d\u00e9taill\u00e9 Mme Nullis.<\/p>\n<p class=\"lead \">Selon John Kennedy, chef de l&rsquo;information climatique \u00e0 l&rsquo;OMM, \u00ab\u00a0il n&rsquo;y a pas de d\u00e9finition unique et pr\u00e9cise d&rsquo;une vague de chaleur. C&rsquo;est ce qui rend difficile l&rsquo;affirmation, de mani\u00e8re g\u00e9n\u00e9rale, qu&rsquo;il s&rsquo;agit d&rsquo;une vague de chaleur record\u00a0\u00bb.<\/p>\n<p class=\"lead \">\u00ab\u00a0En revanche, on peut dire qu&rsquo;\u00e0 certains endroits, des records ont bel et bien \u00e9t\u00e9 battus. En France, par exemple, le pays a connu sa journ\u00e9e la plus chaude jamais enregistr\u00e9e \u00e0 cette p\u00e9riode, des records tombent effectivement\u00a0\u00bb. <\/p>\n<p class=\"lead \">Donc d&rsquo;apr\u00e8s M. Kennedy, \u00ab\u00a0\u00e0 bien des \u00e9gards, on peut parler d&rsquo;une vague de chaleur record, mais pas sous tous les aspects\u00a0\u00bb \u00e0 ce stade.<\/p>\n<p class=\"small font-weight-bold text-gray3 \"> publi\u00e9 le 26 juin \u00e0 13h20, AFP<\/p>\n<p>                             Partager<\/p>\n","protected":false},"excerpt":{"rendered":"L&rsquo;Organisation m\u00e9t\u00e9orologique mondiale (OMM) a jug\u00e9 \u00ab\u00a0possible\u00a0\u00bb vendredi que la vague de chaleur frappant actuellement l&rsquo;Europe soit un&hellip;\n","protected":false},"author":2,"featured_media":1025676,"comment_status":"","ping_status":"","sticky":false,"template":"","format":"standard","meta":{"footnotes":"","_share_on_mastodon":"0"},"categories":[1586],"tags":[11,6698,1129,436,1777,674,1011,27,24017,12,3521,25,585],"class_list":["post-1025675","post","type-post","status-publish","format-standard","has-post-thumbnail","category-europe","tag-actualites","tag-canicule","tag-climat","tag-environnement","tag-eu","tag-europe","tag-fr","tag-france","tag-mto","tag-news","tag-onu","tag-republique-francaise","tag-sant"],"share_on_mastodon":{"url":"https:\/\/pubeurope.com\/@fr\/116816216462387340","error":""},"_links":{"self":[{"href":"https:\/\/www.europesays.com\/fr\/wp-json\/wp\/v2\/posts\/1025675","targetHints":{"allow":["GET"]}}],"collection":[{"href":"https:\/\/www.europesays.com\/fr\/wp-json\/wp\/v2\/posts"}],"about":[{"href":"https:\/\/www.europesays.com\/fr\/wp-json\/wp\/v2\/types\/post"}],"author":[{"embeddable":true,"href":"https:\/\/www.europesays.com\/fr\/wp-json\/wp\/v2\/users\/2"}],"replies":[{"embeddable":true,"href":"https:\/\/www.europesays.com\/fr\/wp-json\/wp\/v2\/comments?post=1025675"}],"version-history":[{"count":0,"href":"https:\/\/www.europesays.com\/fr\/wp-json\/wp\/v2\/posts\/1025675\/revisions"}],"wp:featuredmedia":[{"embeddable":true,"href":"https:\/\/www.europesays.com\/fr\/wp-json\/wp\/v2\/media\/1025676"}],"wp:attachment":[{"href":"https:\/\/www.europesays.com\/fr\/wp-json\/wp\/v2\/media?parent=1025675"}],"wp:term":[{"taxonomy":"category","embeddable":true,"href":"https:\/\/www.europesays.com\/fr\/wp-json\/wp\/v2\/categories?post=1025675"},{"taxonomy":"post_tag","embeddable":true,"href":"https:\/\/www.europesays.com\/fr\/wp-json\/wp\/v2\/tags?post=1025675"}],"curies":[{"name":"wp","href":"https:\/\/api.w.org\/{rel}","templated":true}]}}