{"id":102569,"date":"2025-05-15T18:38:09","date_gmt":"2025-05-15T18:38:09","guid":{"rendered":"https:\/\/www.europesays.com\/fr\/102569\/"},"modified":"2025-05-15T18:38:09","modified_gmt":"2025-05-15T18:38:09","slug":"des-nanocorps-de-dromadaires-ouvrent-une-voie-prometteuse-pour-une-therapie","status":"publish","type":"post","link":"https:\/\/www.europesays.com\/fr\/102569\/","title":{"rendered":"des nanocorps de dromadaires ouvrent une voie prometteuse pour une th\u00e9rapie"},"content":{"rendered":"<p>Une d\u00e9couverte prometteuse, qui doit encore \u00eatre confirm\u00e9e et affin\u00e9e par des recherches suppl\u00e9mentaires. Depuis plusieurs mois, une \u00e9quipe du Centre national de la recherche scientifique (CNRS) planche sur une piste de th\u00e9rapie pour la maladie d&rsquo;Alzheimer.<\/p>\n<p>Alors qu&rsquo;aucun traitement n&rsquo;existe \u00e0 ce jour, cette maladie neurod\u00e9g\u00e9n\u00e9rative reste la pathologie de ce type la plus fr\u00e9quente dans le monde. En France, environ 850 000 personnes en seraient atteints \u00e0 ce jour, d&rsquo;apr\u00e8s les chiffres de <a data-i13n=\"cpos:1;pos:1\" href=\"https:\/\/www.ameli.fr\/assure\/sante\/themes\/maladie-alzheimer\/comprendre-maladie-alzheimer\" rel=\"nofollow noopener\" target=\"_blank\" data-ylk=\"slk:l&#039;Assurance Maladie;cpos:1;pos:1;elm:context_link;itc:0;sec:content-canvas\" class=\"link \">l&rsquo;Assurance Maladie<\/a>.<\/p>\n<p>Les deux phases de la maladie d&rsquo;Alzheimer<\/p>\n<p>Comme l&rsquo;indique un article de <a data-i13n=\"cpos:2;pos:1\" href=\"https:\/\/www.bfmtv.com\/sante\/une-future-therapie-contre-alzheimer-le-cnrs-avance-une-piste-prometteuse-grace-aux-dromadaires_AN-202505150274.html\" rel=\"nofollow noopener\" target=\"_blank\" data-ylk=\"slk:BFMTV;cpos:2;pos:1;elm:context_link;itc:0;sec:content-canvas\" class=\"link \">BFMTV<\/a>, des chercheurs fran\u00e7ais ont donc r\u00e9cemment publi\u00e9 dans la revue <a data-i13n=\"cpos:3;pos:1\" href=\"https:\/\/www.nature.com\/articles\/s41467-025-58383-4\" rel=\"nofollow noopener\" target=\"_blank\" data-ylk=\"slk:Nature Communications;cpos:3;pos:1;elm:context_link;itc:0;sec:content-canvas\" class=\"link \">Nature Communications<\/a> les r\u00e9sultats d&rsquo;une \u00e9tude s&rsquo;int\u00e9ressant sp\u00e9cifiquement \u00e0 la prot\u00e9ine tau, qui joue un r\u00f4le important dans le d\u00e9veloppement de la maladie d&rsquo;Alzheimer.<\/p>\n<p>Cette derni\u00e8re se caract\u00e9rise en effet par deux phases principales : dans un premier temps, \u00ab\u00a0l&rsquo;apparition d&rsquo;une prot\u00e9ine, l&rsquo;amylo\u00efde, qui vient se r\u00e9pandre entre les neurones\u00a0\u00bb, comme le r\u00e9sume BFMTV ; puis dans un deuxi\u00e8me temps, une propagation anormale de la prot\u00e9ine tau.<\/p>\n<p>L&rsquo;accumulation de prot\u00e9ines tau \u00e0 l&rsquo;origine de la \u00ab\u00a0mort des neurones\u00a0\u00bb<\/p>\n<p>Dans <a data-i13n=\"cpos:4;pos:1\" href=\"https:\/\/www.insb.cnrs.fr\/fr\/cnrsinfo\/comprendre-alzheimer-des-petits-anticorps-prometteurs\" rel=\"nofollow noopener\" target=\"_blank\" data-ylk=\"slk:un article de vulgarisation;cpos:4;pos:1;elm:context_link;itc:0;sec:content-canvas\" class=\"link \">un article de vulgarisation<\/a> publi\u00e9 sur son site officiel, le CNRS explique que cette prot\u00e9ine tau est pr\u00e9sente naturellement dans notre organisme et qu&rsquo;elle \u00ab\u00a0joue normalement un r\u00f4le important dans le squelette interne des cellules\u00a0\u00bb.<\/p>\n<p>\u00ab\u00a0Mais chez les personnes atteintes (de la maladie d&rsquo;Alzheimer), cette prot\u00e9ine change de forme et s\u2019agglutine dans les neurones\u00a0\u00bb, poursuit l&rsquo;institut de recherche. Selon BFMTV, ce m\u00e9canisme d&rsquo;accumulation \u00ab\u00a0entra\u00eene dans la foul\u00e9e la mort des neurones, le moment o\u00f9 la d\u00e9mence se manifeste\u00a0\u00bb.<\/p>\n<p>\u00ab\u00a0Des solutions issues des syst\u00e8mes immunitaires des cam\u00e9lid\u00e9s\u00a0\u00bb<\/p>\n<p>Les scientifiques du CNRS ont donc tent\u00e9 de trouver un moyen de limiter cette prolif\u00e9ration nocive, en partant de l&rsquo;hypoth\u00e8se qu&rsquo;il \u00e9tait possible d&rsquo;identifier des anticorps inhibant directement l'\u00a0\u00bbinternalisation neuronale\u00a0\u00bb de la prot\u00e9ine tau, qui constitue selon le CNRS une \u00ab\u00a0\u00e9tape critique dans le m\u00e9canisme de propagation\u00a0\u00bb.<\/p>\n<p>Apr\u00e8s avoir \u00e9tudi\u00e9 plusieurs pistes, les chercheurs ont finalement trouv\u00e9 un filon prometteur en rep\u00e9rant \u00ab\u00a0des solutions issues des syst\u00e8mes immunitaires des cam\u00e9lid\u00e9s, des animaux comme les dromadaires ou les lamas\u00a0\u00bb, comme le relate une vid\u00e9o du CNRS sur le sujet.<\/p>\n<blockquote data-src=\"https:\/\/www.youtube.com\/embed\/sQbUBuVnED8?rel=0\" allowfullscreen=\"\" scrolling=\"no\"><\/blockquote>\n<p>Trois nanocorps capables d&rsquo;inhiber le d\u00e9veloppement de la prot\u00e9ine tau<\/p>\n<p>Selon les auteurs de l&rsquo;\u00e9tude, ces grands herbivores ont en effet pour sp\u00e9cificit\u00e9 de \u00ab\u00a0produire des nanocorps, qui se fixent sur des cibles comme tout anticorps, mais qui sont bien plus simples et si petits qu&rsquo;ils sont capables d&rsquo;agir \u00e0 l&rsquo;int\u00e9rieur m\u00eame des cellules\u00a0\u00bb.<\/p>\n<p>En l&rsquo;occurrence, les exp\u00e9riences r\u00e9alis\u00e9es sur des cultures de cellules neuronales de souris ont permis d&rsquo;identifier trois nanocorps distincts, appel\u00e9s A31, Z70 et H3-2, qui se sont chacun r\u00e9v\u00e9l\u00e9s capables d&rsquo;inhiber le d\u00e9veloppement de la prot\u00e9ine tau.<\/p>\n<p>\u00ab\u00a0On va plus facilement pouvoir travailler avec eux\u00a0\u00bb<\/p>\n<p>Convaincus que cette d\u00e9couverte peut constituer un point de d\u00e9part d\u00e9cisif dans la qu\u00eate d&rsquo;une bioth\u00e9rapie pour limiter le d\u00e9veloppement de la maladie d&rsquo;Alzheimer, les scientifiques du CNRS insistent notamment sur les multiples possibilit\u00e9s qu&rsquo;elle ouvre en termes d&rsquo;essais cliniques.<\/p>\n<p>\u00ab\u00a0C&rsquo;est dix fois plus petit qu&rsquo;un anticorps classique, pr\u00e9cise le biologiste Cl\u00e9ment Danis, l&rsquo;un des auteurs de l&rsquo;\u00e9tude, cit\u00e9 par BFMTV. On va plus facilement pouvoir travailler avec eux pour les modifier, les adapter \u00e0 ce que l&rsquo;on veut faire dans les laboratoires.\u00a0\u00bb<\/p>\n<p>Un espoir pour une future th\u00e9rapie<\/p>\n<p>Pour l&rsquo;heure, la prudence et la patience restent de mise, notamment parce que les premiers tests d&rsquo;immunoth\u00e9rapies anti-tau r\u00e9alis\u00e9s par le CNRS n&rsquo;ont pas d\u00e9bouch\u00e9 sur des r\u00e9sultats concluants, \u00ab\u00a0en raison d&rsquo;une absence d&rsquo;engagement de la cible ou d&rsquo;efficacit\u00e9\u00a0\u00bb.<\/p>\n<p>Comme le souligne BFMTV, cette d\u00e9couverte \u00ab\u00a0devra \u00eatre renforc\u00e9e par davantage de recherche, soit encore de nombreuses ann\u00e9es avant une potentielle application clinique\u00a0\u00bb. Elle constitue toutefois, \u00e0 n&rsquo;en pas douter, un succ\u00e8s significatif pour la recherche fran\u00e7aise, actuellement confront\u00e9e \u00e0 d&rsquo;inqui\u00e9tantes <a data-i13n=\"cpos:5;pos:1\" href=\"https:\/\/fr.news.yahoo.com\/1-milliard-moins-budget-lenseignement-090920306.html\" data-ylk=\"slk:coupes budg\u00e9taires;cpos:5;pos:1;elm:context_link;itc:0;sec:content-canvas;outcm:mb_qualified_link;_E:mb_qualified_link;ct:story;\" class=\"link  yahoo-link\" target=\"_blank\" rel=\"noopener\">coupes budg\u00e9taires<\/a>.<\/p>\n","protected":false},"excerpt":{"rendered":"Une d\u00e9couverte prometteuse, qui doit encore \u00eatre confirm\u00e9e et affin\u00e9e par des recherches suppl\u00e9mentaires. Depuis plusieurs mois, une&hellip;\n","protected":false},"author":2,"featured_media":102570,"comment_status":"","ping_status":"","sticky":false,"template":"","format":"standard","meta":{"footnotes":""},"categories":[10],"tags":[21856,1011,27,72,277,71],"class_list":{"0":"post-102569","1":"post","2":"type-post","3":"status-publish","4":"format-standard","5":"has-post-thumbnail","7":"category-sante","8":"tag-centre-national-de-la-recherche-scientifique","9":"tag-fr","10":"tag-france","11":"tag-health","12":"tag-maladie-dalzheimer","13":"tag-sante"},"share_on_mastodon":{"url":"https:\/\/pubeurope.com\/@fr\/114513307441494395","error":""},"_links":{"self":[{"href":"https:\/\/www.europesays.com\/fr\/wp-json\/wp\/v2\/posts\/102569","targetHints":{"allow":["GET"]}}],"collection":[{"href":"https:\/\/www.europesays.com\/fr\/wp-json\/wp\/v2\/posts"}],"about":[{"href":"https:\/\/www.europesays.com\/fr\/wp-json\/wp\/v2\/types\/post"}],"author":[{"embeddable":true,"href":"https:\/\/www.europesays.com\/fr\/wp-json\/wp\/v2\/users\/2"}],"replies":[{"embeddable":true,"href":"https:\/\/www.europesays.com\/fr\/wp-json\/wp\/v2\/comments?post=102569"}],"version-history":[{"count":0,"href":"https:\/\/www.europesays.com\/fr\/wp-json\/wp\/v2\/posts\/102569\/revisions"}],"wp:featuredmedia":[{"embeddable":true,"href":"https:\/\/www.europesays.com\/fr\/wp-json\/wp\/v2\/media\/102570"}],"wp:attachment":[{"href":"https:\/\/www.europesays.com\/fr\/wp-json\/wp\/v2\/media?parent=102569"}],"wp:term":[{"taxonomy":"category","embeddable":true,"href":"https:\/\/www.europesays.com\/fr\/wp-json\/wp\/v2\/categories?post=102569"},{"taxonomy":"post_tag","embeddable":true,"href":"https:\/\/www.europesays.com\/fr\/wp-json\/wp\/v2\/tags?post=102569"}],"curies":[{"name":"wp","href":"https:\/\/api.w.org\/{rel}","templated":true}]}}