{"id":102578,"date":"2025-05-15T18:43:10","date_gmt":"2025-05-15T18:43:10","guid":{"rendered":"https:\/\/www.europesays.com\/fr\/102578\/"},"modified":"2025-05-15T18:43:10","modified_gmt":"2025-05-15T18:43:10","slug":"le-boeing-offert-a-trump-par-le-qatar-embarrasse-les-republicains","status":"publish","type":"post","link":"https:\/\/www.europesays.com\/fr\/102578\/","title":{"rendered":"Le Boeing offert \u00e0 Trump par le Qatar embarrasse les r\u00e9publicains"},"content":{"rendered":"<p><strong>R\u00c9CIT &#8211; <\/strong>Le \u00abpalais volant\u00bb offert \u00e0 Trump pour lui servir d\u2019avion pr\u00e9sidentiel soul\u00e8ve des interrogations jusque dans les milieux qui le soutiennent.<\/p>\n<p class=\"fig-paragraph\">Le\u00a0<a href=\"http:\/\/www.lefigaro.fr\/international\/c-est-un-beau-geste-donald-trump-trouve-qu-il-serait-stupide-de-refuser-l-avion-presidentiel-offert-par-le-qatar-20250513\" data-fig-type=\"NewsFlash\" data-gtm-custom-categorie=\"navigation\" data-gtm-custom-action=\"crossclick\" data-gtm-custom-label=\"Contextuel\" data-gtm-event=\"customEventSPE\" data-fig-domain=\"LEFIGARO\" rel=\"nofollow noopener\" target=\"_blank\">don d\u2019un Boeing 747<\/a>\u00a0offert \u00e0\u00a0<a href=\"http:\/\/www.lefigaro.fr\/international\/trump-de-retour-a-la-maison-blanche-les-cent-jours-qui-ont-ebranle-le-monde-20250428\" data-fig-type=\"Article\" data-gtm-custom-categorie=\"navigation\" data-gtm-custom-action=\"crossclick\" data-gtm-custom-label=\"Contextuel\" data-gtm-event=\"customEventSPE\" data-fig-domain=\"LEFIGARO\" rel=\"nofollow noopener\" target=\"_blank\">Donald Trump<\/a>\u00a0par la famille royale du Qatar pour lui servir d\u2019avion pr\u00e9sidentiel a suscit\u00e9 les premiers signes d\u2019embarras chez les r\u00e9publicains. Ce cadeau royal d\u2019une valeur de 400\u00a0millions de dollars, qui devrait remplacer les deux appareils de l\u2019US Air Force actuellement en service, soul\u00e8ve des questions \u00e9thiques, juridiques et politiques.<\/p>\n<p class=\"fig-paragraph\">Les cadeaux d\u2019un gouvernement \u00e9tranger sont explicitement prohib\u00e9s par la Constitution elle-m\u00eame sans approbation du Congr\u00e8s. L\u2019\u00e9mirat du Qatar, alli\u00e9 des \u00c9tats-Unis, entretien aussi des liens avec divers groupes islamistes, du Hamas aux talibans.<\/p>\n<p class=\"fig-paragraph\">Trump semble empress\u00e9 d\u2019accepter ce cadeau. En voyage officiel dans le Golfe, o\u00f9 il a fait \u00e9tape au Qatar, il a expliqu\u00e9 au journaliste de Fox News Sean Hannity \u00e0 bord de son Boeing pr\u00e9sidentiel combien il \u00e9tait n\u00e9cessaire de remplacer cet appareil vieillissant. \u00ab\u00a0Lorsque vous atterrissez et que vous voyez que l\u2019Arabie saoudite, les \u00c9mirats arabes unis et le Qatar ont pour la\u2026<\/p>\n<p class=\"fig-premium-paywall__infos\">\n        Cet article est r\u00e9serv\u00e9 aux abonn\u00e9s.        Il vous reste 84% \u00e0 d\u00e9couvrir.\n    <\/p>\n<p>                <img  data- alt=\"Le Figaro\" class=\"fig-img--complete fig-img\"\/><\/p>\n<p class=\"fig-premium-paywall__title\">Vente Flash<\/p>\n<p class=\"fig-premium-paywall__subtitle\">4,99\u20ac par mois pendant 12 mois. Sans engagement.<\/p>\n<p class=\"fig-premium-paywall__connect\">\n                D\u00e9j\u00e0 abonn\u00e9\u00a0?                <a class=\"fig-premium-paywall__connect-link\" href=\"https:\/\/connect.lefigaro.fr\/login?client=horizon_web&amp;type=main&amp;redirect_uri=https%3A%2F%2Fwww.lefigaro.fr%2Finternational%2Fle-boeing-offert-a-trump-par-le-qatar-embarrasse-les-republicains-20250515\" data-js-gtm=\"{&quot;customCategorie&quot;: &quot;conversion&quot;, &quot;customAction&quot;: &quot;before_Landing_Connexion_paywall_auto&quot;, &quot;customLabel&quot;: &quot;bGVmaWdhcm8uZnJfXzFmMDMxOTQ3LWYzZGEtNjJiNi1iZDVhLWZmMjNkYzYxNGE4NF9fQXJ0aWNsZQ==_Le Boeing offert \u00e0 Trump par le Qatar embarrasse les r\u00e9publicains_378&quot;, &quot;customIDSPE&quot;: &quot;bGVmaWdhcm8uZnJfXzFmMDMxOTQ3LWYzZGEtNjJiNi1iZDVhLWZmMjNkYzYxNGE4NF9fQXJ0aWNsZQ==&quot;, &quot;event&quot;: &quot;customEventSPE&quot;}\" rel=\"nofollow noopener\" target=\"_blank\"><br \/>\n                    Connectez-vous<br \/>\n                <\/a>\n            <\/p>\n","protected":false},"excerpt":{"rendered":"R\u00c9CIT &#8211; Le \u00abpalais volant\u00bb offert \u00e0 Trump pour lui servir d\u2019avion pr\u00e9sidentiel soul\u00e8ve des interrogations jusque dans&hellip;\n","protected":false},"author":2,"featured_media":102579,"comment_status":"","ping_status":"","sticky":false,"template":"","format":"standard","meta":{"footnotes":""},"categories":[5],"tags":[259,11,260,75,1011,27,14,261,12,262,1463,28],"class_list":{"0":"post-102578","1":"post","2":"type-post","3":"status-publish","4":"format-standard","5":"has-post-thumbnail","7":"category-international","8":"tag-actualite-internationale","9":"tag-actualites","10":"tag-affaires-etrangeres","11":"tag-donald-trump","12":"tag-fr","13":"tag-france","14":"tag-international","15":"tag-ministere-des-affaires-etrangeres","16":"tag-news","17":"tag-politique-etrangere","18":"tag-qatar","19":"tag-world"},"share_on_mastodon":{"url":"https:\/\/pubeurope.com\/@fr\/114513327105670820","error":""},"_links":{"self":[{"href":"https:\/\/www.europesays.com\/fr\/wp-json\/wp\/v2\/posts\/102578","targetHints":{"allow":["GET"]}}],"collection":[{"href":"https:\/\/www.europesays.com\/fr\/wp-json\/wp\/v2\/posts"}],"about":[{"href":"https:\/\/www.europesays.com\/fr\/wp-json\/wp\/v2\/types\/post"}],"author":[{"embeddable":true,"href":"https:\/\/www.europesays.com\/fr\/wp-json\/wp\/v2\/users\/2"}],"replies":[{"embeddable":true,"href":"https:\/\/www.europesays.com\/fr\/wp-json\/wp\/v2\/comments?post=102578"}],"version-history":[{"count":0,"href":"https:\/\/www.europesays.com\/fr\/wp-json\/wp\/v2\/posts\/102578\/revisions"}],"wp:featuredmedia":[{"embeddable":true,"href":"https:\/\/www.europesays.com\/fr\/wp-json\/wp\/v2\/media\/102579"}],"wp:attachment":[{"href":"https:\/\/www.europesays.com\/fr\/wp-json\/wp\/v2\/media?parent=102578"}],"wp:term":[{"taxonomy":"category","embeddable":true,"href":"https:\/\/www.europesays.com\/fr\/wp-json\/wp\/v2\/categories?post=102578"},{"taxonomy":"post_tag","embeddable":true,"href":"https:\/\/www.europesays.com\/fr\/wp-json\/wp\/v2\/tags?post=102578"}],"curies":[{"name":"wp","href":"https:\/\/api.w.org\/{rel}","templated":true}]}}