{"id":102580,"date":"2025-05-15T18:44:09","date_gmt":"2025-05-15T18:44:09","guid":{"rendered":"https:\/\/www.europesays.com\/fr\/102580\/"},"modified":"2025-05-15T18:44:09","modified_gmt":"2025-05-15T18:44:09","slug":"circulation-alternee-a-la-suite-dun-affaissement-de-la-chaussee","status":"publish","type":"post","link":"https:\/\/www.europesays.com\/fr\/102580\/","title":{"rendered":"circulation altern\u00e9e \u00e0 la suite d&rsquo;un affaissement de la chauss\u00e9e"},"content":{"rendered":"<p>Un important embouteillage est en cours sur la RT 11, \u00e0 proximit\u00e9 du magasin But \u00e0 Bastia, \u00e0 la suite d&rsquo;un affaissement de la chauss\u00e9e sur une longueur de 50 m\u00e8tres survenu ce jeudi 15 mai aux alentours de 17 heures 30, a-t-on appris aupr\u00e8s du centre op\u00e9rationnel d&rsquo;incendie et de secours (CODIS) de Haute-Corse.<\/p>\n<p>La circulation se fait donc sur une seule voie.<\/p>\n<p>L&rsquo;acc\u00e8s au rond-point de la ZI Furiani est maintenu<\/p>\n<p>Des panneaux de signalisation ont \u00e9t\u00e9 mis en place par le service des routes de la Collectivit\u00e9 de Corse (CdC) sur la partie de la route endommag\u00e9e.<\/p>\n<p>\u00ab\u00a0L&rsquo;acc\u00e8s au giratoire de la zone industrielle de Furiani reste maintenu\u00a0\u00bb, indiquent les services de la CdC sur les r\u00e9seaux sociaux.<\/p>\n","protected":false},"excerpt":{"rendered":"Un important embouteillage est en cours sur la RT 11, \u00e0 proximit\u00e9 du magasin But \u00e0 Bastia, \u00e0&hellip;\n","protected":false},"author":2,"featured_media":102581,"comment_status":"","ping_status":"","sticky":false,"template":"","format":"standard","meta":{"footnotes":""},"categories":[4],"tags":[17,11,21863,5621,2837,21862,274,1011,27,12699,12,25,5104,3356],"class_list":{"0":"post-102580","1":"post","2":"type-post","3":"status-publish","4":"format-standard","5":"has-post-thumbnail","7":"category-france","8":"tag-17","9":"tag-actualites","10":"tag-affaissement","11":"tag-bastia","12":"tag-dun","13":"tag-embouteillage","14":"tag-faits-divers-justice","15":"tag-fr","16":"tag-france","17":"tag-important","18":"tag-news","19":"tag-republique-francaise","20":"tag-suite","21":"tag-sur"},"share_on_mastodon":{"url":"https:\/\/pubeurope.com\/@fr\/114513331097365233","error":""},"_links":{"self":[{"href":"https:\/\/www.europesays.com\/fr\/wp-json\/wp\/v2\/posts\/102580","targetHints":{"allow":["GET"]}}],"collection":[{"href":"https:\/\/www.europesays.com\/fr\/wp-json\/wp\/v2\/posts"}],"about":[{"href":"https:\/\/www.europesays.com\/fr\/wp-json\/wp\/v2\/types\/post"}],"author":[{"embeddable":true,"href":"https:\/\/www.europesays.com\/fr\/wp-json\/wp\/v2\/users\/2"}],"replies":[{"embeddable":true,"href":"https:\/\/www.europesays.com\/fr\/wp-json\/wp\/v2\/comments?post=102580"}],"version-history":[{"count":0,"href":"https:\/\/www.europesays.com\/fr\/wp-json\/wp\/v2\/posts\/102580\/revisions"}],"wp:featuredmedia":[{"embeddable":true,"href":"https:\/\/www.europesays.com\/fr\/wp-json\/wp\/v2\/media\/102581"}],"wp:attachment":[{"href":"https:\/\/www.europesays.com\/fr\/wp-json\/wp\/v2\/media?parent=102580"}],"wp:term":[{"taxonomy":"category","embeddable":true,"href":"https:\/\/www.europesays.com\/fr\/wp-json\/wp\/v2\/categories?post=102580"},{"taxonomy":"post_tag","embeddable":true,"href":"https:\/\/www.europesays.com\/fr\/wp-json\/wp\/v2\/tags?post=102580"}],"curies":[{"name":"wp","href":"https:\/\/api.w.org\/{rel}","templated":true}]}}