{"id":102584,"date":"2025-05-15T18:46:19","date_gmt":"2025-05-15T18:46:19","guid":{"rendered":"https:\/\/www.europesays.com\/fr\/102584\/"},"modified":"2025-05-15T18:46:19","modified_gmt":"2025-05-15T18:46:19","slug":"firminy-comment-ameliorer-la-prise-en-charge-des-patients-a-lhopital","status":"publish","type":"post","link":"https:\/\/www.europesays.com\/fr\/102584\/","title":{"rendered":"Firminy. Comment am\u00e9liorer la prise en charge des patients \u00e0 l\u2019h\u00f4pital"},"content":{"rendered":"<p>Jeudi 15\u00a0mai, l\u2019h\u00f4pital Le Corbusier a particip\u00e9 \u00e0 la journ\u00e9e europ\u00e9enne des droits en mati\u00e8re de sant\u00e9. Deux stands se tenaient dans le hall d\u2019accueil de l\u2019h\u00f4pital et dans le service long s\u00e9jour.<\/p>\n<p>\u00ab\u00a0L\u2019objectif est d\u2019am\u00e9liorer la qualit\u00e9 de la prise en charge des patients\u00a0\u00bb, expliquent Rachel Borie, directrice adjointe de l\u2019h\u00f4pital Le Corbusier en charge de la qualit\u00e9, des relations usagers et de la&#8230;<\/p>\n","protected":false},"excerpt":{"rendered":"Jeudi 15\u00a0mai, l\u2019h\u00f4pital Le Corbusier a particip\u00e9 \u00e0 la journ\u00e9e europ\u00e9enne des droits en mati\u00e8re de sant\u00e9. Deux&hellip;\n","protected":false},"author":2,"featured_media":102585,"comment_status":"","ping_status":"","sticky":false,"template":"","format":"standard","meta":{"footnotes":""},"categories":[9653],"tags":[1111,11,2430,7539,1777,674,10282,10283,1011,27,12,25,4001,71],"class_list":{"0":"post-102584","1":"post","2":"type-post","3":"status-publish","4":"format-standard","5":"has-post-thumbnail","7":"category-saint-etienne","8":"tag-actu","9":"tag-actualites","10":"tag-auvergne-rhone-alpes","11":"tag-edition-loire-sud","12":"tag-eu","13":"tag-europe","14":"tag-firminy","15":"tag-firminy-ville","16":"tag-fr","17":"tag-france","18":"tag-news","19":"tag-republique-francaise","20":"tag-saint-etienne","21":"tag-sante"},"share_on_mastodon":{"url":"https:\/\/pubeurope.com\/@fr\/114513338883490143","error":""},"_links":{"self":[{"href":"https:\/\/www.europesays.com\/fr\/wp-json\/wp\/v2\/posts\/102584","targetHints":{"allow":["GET"]}}],"collection":[{"href":"https:\/\/www.europesays.com\/fr\/wp-json\/wp\/v2\/posts"}],"about":[{"href":"https:\/\/www.europesays.com\/fr\/wp-json\/wp\/v2\/types\/post"}],"author":[{"embeddable":true,"href":"https:\/\/www.europesays.com\/fr\/wp-json\/wp\/v2\/users\/2"}],"replies":[{"embeddable":true,"href":"https:\/\/www.europesays.com\/fr\/wp-json\/wp\/v2\/comments?post=102584"}],"version-history":[{"count":0,"href":"https:\/\/www.europesays.com\/fr\/wp-json\/wp\/v2\/posts\/102584\/revisions"}],"wp:featuredmedia":[{"embeddable":true,"href":"https:\/\/www.europesays.com\/fr\/wp-json\/wp\/v2\/media\/102585"}],"wp:attachment":[{"href":"https:\/\/www.europesays.com\/fr\/wp-json\/wp\/v2\/media?parent=102584"}],"wp:term":[{"taxonomy":"category","embeddable":true,"href":"https:\/\/www.europesays.com\/fr\/wp-json\/wp\/v2\/categories?post=102584"},{"taxonomy":"post_tag","embeddable":true,"href":"https:\/\/www.europesays.com\/fr\/wp-json\/wp\/v2\/tags?post=102584"}],"curies":[{"name":"wp","href":"https:\/\/api.w.org\/{rel}","templated":true}]}}