{"id":102588,"date":"2025-05-15T18:48:09","date_gmt":"2025-05-15T18:48:09","guid":{"rendered":"https:\/\/www.europesays.com\/fr\/102588\/"},"modified":"2025-05-15T18:48:09","modified_gmt":"2025-05-15T18:48:09","slug":"17-prevenus-40-vols-recenses","status":"publish","type":"post","link":"https:\/\/www.europesays.com\/fr\/102588\/","title":{"rendered":"17 pr\u00e9venus, 40 vols recens\u00e9s"},"content":{"rendered":"<p>Ce jeudi matin, le tribunal judiciaire de Nancy a \u00e9t\u00e9 le th\u00e9\u00e2tre d\u2019un d\u00e9but de proc\u00e8s, o\u00f9 17 pr\u00e9venus polonais et fran\u00e7ais sont accus\u00e9s de vols en bande organis\u00e9e, tentatives de vols de fret en r\u00e9cidive et association de malfaiteurs. Sur les 17 pr\u00e9venus convoqu\u00e9s, seuls quatre \u00e9taient pr\u00e9sents. Deux autres les rejoindront lundi, ce vendredi \u00e9tant une journ\u00e9e blanche, pour la suite du proc\u00e8s. Avocats et traducteurs seront de la partie, puisque la plupart \u00e9tant polonais, ces derniers ne parlent pas fran\u00e7ais.<\/p>\n<p>Un mode op\u00e9ratoire bien distinct<\/p>\n<p>Les faits qu\u2019ils leur sont reproch\u00e9s se sont d\u00e9roul\u00e9s entre le 6\u00a0octobre 2016 et le 13\u00a0f\u00e9vrier 2018. De nombreuses investigations, en France mais aussi \u00e0 travers l\u2019Europe, ont \u00e9t\u00e9&#8230;<\/p>\n","protected":false},"excerpt":{"rendered":"Ce jeudi matin, le tribunal judiciaire de Nancy a \u00e9t\u00e9 le th\u00e9\u00e2tre d\u2019un d\u00e9but de proc\u00e8s, o\u00f9 17&hellip;\n","protected":false},"author":2,"featured_media":102589,"comment_status":"","ping_status":"","sticky":false,"template":"","format":"standard","meta":{"footnotes":""},"categories":[9635],"tags":[1111,11,271,272,1704,1777,674,274,1011,27,775,3457,1702,1703,12,3456,25,4604],"class_list":{"0":"post-102588","1":"post","2":"type-post","3":"status-publish","4":"format-standard","5":"has-post-thumbnail","7":"category-nancy","8":"tag-actu","9":"tag-actualites","10":"tag-crime","11":"tag-delit-et-contravention","12":"tag-edition-nancy-et-agglomeration","13":"tag-eu","14":"tag-europe","15":"tag-faits-divers-justice","16":"tag-fr","17":"tag-france","18":"tag-grand-est","19":"tag-meurthe-et-moselle","20":"tag-nancy","21":"tag-nancy-ville-54b","22":"tag-news","23":"tag-region-lorraine","24":"tag-republique-francaise","25":"tag-selection-abonne"},"share_on_mastodon":{"url":"https:\/\/pubeurope.com\/@fr\/114513346803749087","error":""},"_links":{"self":[{"href":"https:\/\/www.europesays.com\/fr\/wp-json\/wp\/v2\/posts\/102588","targetHints":{"allow":["GET"]}}],"collection":[{"href":"https:\/\/www.europesays.com\/fr\/wp-json\/wp\/v2\/posts"}],"about":[{"href":"https:\/\/www.europesays.com\/fr\/wp-json\/wp\/v2\/types\/post"}],"author":[{"embeddable":true,"href":"https:\/\/www.europesays.com\/fr\/wp-json\/wp\/v2\/users\/2"}],"replies":[{"embeddable":true,"href":"https:\/\/www.europesays.com\/fr\/wp-json\/wp\/v2\/comments?post=102588"}],"version-history":[{"count":0,"href":"https:\/\/www.europesays.com\/fr\/wp-json\/wp\/v2\/posts\/102588\/revisions"}],"wp:featuredmedia":[{"embeddable":true,"href":"https:\/\/www.europesays.com\/fr\/wp-json\/wp\/v2\/media\/102589"}],"wp:attachment":[{"href":"https:\/\/www.europesays.com\/fr\/wp-json\/wp\/v2\/media?parent=102588"}],"wp:term":[{"taxonomy":"category","embeddable":true,"href":"https:\/\/www.europesays.com\/fr\/wp-json\/wp\/v2\/categories?post=102588"},{"taxonomy":"post_tag","embeddable":true,"href":"https:\/\/www.europesays.com\/fr\/wp-json\/wp\/v2\/tags?post=102588"}],"curies":[{"name":"wp","href":"https:\/\/api.w.org\/{rel}","templated":true}]}}