{"id":102590,"date":"2025-05-15T18:49:19","date_gmt":"2025-05-15T18:49:19","guid":{"rendered":"https:\/\/www.europesays.com\/fr\/102590\/"},"modified":"2025-05-15T18:49:19","modified_gmt":"2025-05-15T18:49:19","slug":"trois-mineurs-interpelles-suspectes-davoir-agresse-le-cpe-dun-lycee","status":"publish","type":"post","link":"https:\/\/www.europesays.com\/fr\/102590\/","title":{"rendered":"trois mineurs interpell\u00e9s, suspect\u00e9s d&rsquo;avoir agress\u00e9 le CPE d&rsquo;un lyc\u00e9e"},"content":{"rendered":"<p class=\"fig-paragraph\">Trois adolescents de 14 et 15 ans, soup\u00e7onn\u00e9s de violences sur le conseiller principal d&rsquo;\u00e9ducation (<a href=\"http:\/\/www.lefigaro.fr\/faits-divers\/tirs-visant-le-domicile-d-une-cpe-enquete-ouverte-en-essonne-20241230\" data-fig-type=\"NewsFlash\" data-gtm-custom-categorie=\"navigation\" data-gtm-custom-action=\"crossclick\" data-gtm-custom-label=\"Contextuel\" data-gtm-event=\"customEventSPE\" data-fig-domain=\"LEFIGARO\" target=\"_blank\" rel=\"noopener\">CPE<\/a>) d&rsquo;un lyc\u00e9e de\u00a0<a href=\"http:\/\/www.lefigaro.fr\/international\/a-nancy-la-france-et-la-pologne-scellent-un-partenariat-anti-poutine-20250508\" data-fig-type=\"Article\" data-gtm-custom-categorie=\"navigation\" data-gtm-custom-action=\"crossclick\" data-gtm-custom-label=\"Contextuel\" data-gtm-event=\"customEventSPE\" data-fig-domain=\"LEFIGARO\" target=\"_blank\" rel=\"noopener\">Nancy<\/a>, en dehors de l&rsquo;\u00e9tablissement, ont \u00e9t\u00e9 plac\u00e9s en garde \u00e0 vue et compara\u00eetront devant le juge des enfants en septembre, a-t-on appris jeudi aupr\u00e8s du procureur de la R\u00e9publique.<\/p>\n<p class=\"fig-paragraph\">Les trois adolescents, l&rsquo;un \u00e2g\u00e9 de 14 ans, les deux autres de 15 ans, tous sans ant\u00e9c\u00e9dents, ont \u00e9t\u00e9 d\u00e9f\u00e9r\u00e9s mercredi au tribunal judiciaire \u00abo\u00f9 ils ont \u00e9t\u00e9 pr\u00e9sent\u00e9s \u00e0 un juge des enfants, en vue d&rsquo;une audience de culpabilit\u00e9 fix\u00e9e au 23 septembre prochain\u00bb, a pr\u00e9cis\u00e9 \u00e0 l&rsquo;AFP le procureur de la R\u00e9publique de Nancy, Fran\u00e7ois Capin-Dulhoste.<\/p>\n<p>\u00abCouvre-feu\u00bb<\/p>\n<p class=\"fig-paragraph\">\u00ab\u00c0 titre de mesures provisoires, le parquet a demand\u00e9 le prononc\u00e9 d&rsquo;une mesure \u00e9ducative pr\u00e9judicielle (module insertion et r\u00e9paration), des interdictions de contacts avec la victime et les co-auteurs, de para\u00eetre sur le lieu de commission de l&rsquo;infraction ainsi que l&rsquo;obligation de respecter un couvre-feu\u00bb, a d\u00e9taill\u00e9 le magistrat.<\/p>\n<p class=\"fig-paragraph\">Selon L&rsquo;Est R\u00e9publicain, le CPE du lyc\u00e9e Henri-Poincar\u00e9, situ\u00e9 au centre-ville de Nancy, avait s\u00e9par\u00e9 deux jeunes filles qui se battaient dans l&rsquo;\u00e9tablissement, dans la journ\u00e9e de lundi. Il aurait ensuite raccompagn\u00e9 l&rsquo;une des deux jeunes filles concern\u00e9es \u00e0 l&rsquo;ext\u00e9rieur du lyc\u00e9e, apr\u00e8s les cours. Mais les trois mineurs, pas scolaris\u00e9s dans l&rsquo;\u00e9tablissement, auraient frapp\u00e9 l&rsquo;homme, le faisant chuter \u00e0 terre, tout en continuant de lui donner des coups de pied et de poing. Le CPE s&rsquo;est vu remettre une incapacit\u00e9 totale de travail (ITT) de trois jours.<\/p>\n","protected":false},"excerpt":{"rendered":"Trois adolescents de 14 et 15 ans, soup\u00e7onn\u00e9s de violences sur le conseiller principal d&rsquo;\u00e9ducation (CPE) d&rsquo;un lyc\u00e9e&hellip;\n","protected":false},"author":2,"featured_media":102591,"comment_status":"","ping_status":"","sticky":false,"template":"","format":"standard","meta":{"footnotes":""},"categories":[9635],"tags":[1111,47,11,1109,1112,1777,674,118,1108,107,1106,1107,1011,27,775,1110,1114,14,1702,12,1113,316,25],"class_list":{"0":"post-102590","1":"post","2":"type-post","3":"status-publish","4":"format-standard","5":"has-post-thumbnail","7":"category-nancy","8":"tag-actu","9":"tag-actualite","10":"tag-actualites","11":"tag-breves","12":"tag-depeches","13":"tag-eu","14":"tag-europe","15":"tag-faits-divers","16":"tag-fil","17":"tag-fil-info","18":"tag-flash","19":"tag-flash-actu","20":"tag-fr","21":"tag-france","22":"tag-grand-est","23":"tag-informations","24":"tag-infos","25":"tag-international","26":"tag-nancy","27":"tag-news","28":"tag-nouvelles","29":"tag-politique","30":"tag-republique-francaise"},"share_on_mastodon":{"url":"https:\/\/pubeurope.com\/@fr\/114513350662557830","error":""},"_links":{"self":[{"href":"https:\/\/www.europesays.com\/fr\/wp-json\/wp\/v2\/posts\/102590","targetHints":{"allow":["GET"]}}],"collection":[{"href":"https:\/\/www.europesays.com\/fr\/wp-json\/wp\/v2\/posts"}],"about":[{"href":"https:\/\/www.europesays.com\/fr\/wp-json\/wp\/v2\/types\/post"}],"author":[{"embeddable":true,"href":"https:\/\/www.europesays.com\/fr\/wp-json\/wp\/v2\/users\/2"}],"replies":[{"embeddable":true,"href":"https:\/\/www.europesays.com\/fr\/wp-json\/wp\/v2\/comments?post=102590"}],"version-history":[{"count":0,"href":"https:\/\/www.europesays.com\/fr\/wp-json\/wp\/v2\/posts\/102590\/revisions"}],"wp:featuredmedia":[{"embeddable":true,"href":"https:\/\/www.europesays.com\/fr\/wp-json\/wp\/v2\/media\/102591"}],"wp:attachment":[{"href":"https:\/\/www.europesays.com\/fr\/wp-json\/wp\/v2\/media?parent=102590"}],"wp:term":[{"taxonomy":"category","embeddable":true,"href":"https:\/\/www.europesays.com\/fr\/wp-json\/wp\/v2\/categories?post=102590"},{"taxonomy":"post_tag","embeddable":true,"href":"https:\/\/www.europesays.com\/fr\/wp-json\/wp\/v2\/tags?post=102590"}],"curies":[{"name":"wp","href":"https:\/\/api.w.org\/{rel}","templated":true}]}}