{"id":102598,"date":"2025-05-15T18:54:09","date_gmt":"2025-05-15T18:54:09","guid":{"rendered":"https:\/\/www.europesays.com\/fr\/102598\/"},"modified":"2025-05-15T18:54:09","modified_gmt":"2025-05-15T18:54:09","slug":"mythique-discotheque-de-rouen-le-moulin-rose-se-reinvente-pour-revenir-a-lage-dor","status":"publish","type":"post","link":"https:\/\/www.europesays.com\/fr\/102598\/","title":{"rendered":"Mythique discoth\u00e8que de Rouen, le Moulin Rose se r\u00e9invente pour revenir \u00e0 l&rsquo;\u00e2ge d&rsquo;or"},"content":{"rendered":"<p>            Par<br \/>\n        <strong><br \/>\n            <a href=\"https:\/\/actu.fr\/auteur\/isabellevilly\" title=\"Consulter tous les articles de Isabelle Villy\" rel=\"nofollow noopener\" target=\"_blank\">Isabelle Villy<\/a><br \/>\n        <\/strong><\/p>\n<p>        Publi\u00e9 le<\/p>\n<p>            15 mai 2025 \u00e0 20h13<br \/>\n        ; mis \u00e0 jour le 15 mai 2025 \u00e0 20h16    <\/p>\n<p>Le 20\u00a0juin 2024, <a href=\"https:\/\/actu.fr\/normandie\/belbeuf_76069\/apres-quatre-mois-de-travaux-le-moulin-rose-a-rouvert-ses-portes-pres-de-rouen_61264858.html\" rel=\"nofollow noopener\" target=\"_blank\">Le Moulin Rose rouvrait ses portes<\/a> apr\u00e8s des mois de travaux et une volont\u00e9 d<strong>e redonner une autre image au plus ancien club de France<\/strong>. A priori, la formule n\u2019a pas pris, car depuis le week-end dernier, la marche arri\u00e8re est enclench\u00e9e. En effet, le propri\u00e9taire <strong>a nomm\u00e9 Rapha\u00ebl Alarcon comme directeur<\/strong> \u00ab pour aider au d\u00e9collage \u00bb. Un Rouennais tr\u00e8s connu dans le milieu de la f\u00eate et de la nuit, qui a travaill\u00e9 chez Gil, \u00e0 l\u2019Ibiza, \u00e0 l\u2019Euro Caf\u00e9 et au Crooner.<\/p>\n<p>Les clients r\u00e9clamaient le Moulin Rose d\u2019avant<\/p>\n<p class=\" wall-content\">\u00ab J\u2019ai cr\u00e9\u00e9 aussi le Flower, rue Grand Pont, et rachet\u00e9 <a href=\"https:\/\/actu.fr\/normandie\/rouen_76540\/fermeture-du-resto-les-brigades-du-kitsch-a-rouen-un-nouvel-etablissement-le-remplace_61080648.html\" rel=\"nofollow noopener\" target=\"_blank\">La Brigade, rue des Bons Enfants<\/a> qui est en vente \u00bb, ajoute le Rapha\u00ebl Alarcon qui estime que la solution est de revenir \u00ab d<strong>ans le th\u00e8me du Moulin Rose d\u2019il y a dix ans<\/strong>. Celui de l\u2019\u00e2ge d\u2019or avec de la musique g\u00e9n\u00e9raliste pour les clubbers \u00e0 partir de 30\u00a0ans. Les clients r\u00e9clamaient ce Moulin Rose d\u2019avant \u00bb.<\/p>\n<p>      <img   decoding=\"async\" loading=\"lazy\" class=\"size-large\" src=\"https:\/\/www.europesays.com\/fr\/wp-content\/uploads\/2025\/05\/2a1b83aa2b1862e1b83aa2b18122b8v-960x640.jpg\" alt=\"Belbeuf Le Moulin Rose\" width=\"960\" height=\"640\"\/><br \/>\n    Le Moulin Rose a retrouv\u00e9 sa formule d\u2019antan. \u00a9Le Bulletin<\/p>\n<p class=\" wall-content\">Dans un premier temps, le club est rouvert <strong>le vendredi et samedi de minuit \u00e0 5 h<\/strong> . \u00ab\u00a0Rapidement, nous allons reproposer <strong>le Th\u00e9 dansant du dimanche apr\u00e8s-midi.<\/strong> Question restauration, d\u2019ici au 14 mai,<strong> nous allons rouvrir le restaurant L\u2019Escale<\/strong> du mercredi au samedi, le midi et le soir, et le dimanche midi autour d\u2019une carte \u00e0 l\u2019italienne avec des pizzas, des p\u00e2tes et des salades\u00a0\u00bb, annonce le directeur.<\/p>\n<p>Afterwork et transformation du jardin<\/p>\n<p class=\" wall-content\">La salle servira aussi de club, dans un esprit r\u00e9tro, apr\u00e8s le service du soir. \u00ab Nous allons aussi lancer les afterwork, un jeudi par mois, \u00e0 partir de 19 h. Et, nous travaillons actuellement sur la transformation du jardin. La villa fleurie proposera une r\u00f4tisserie, des boissons et de la musique sur le bord de la Seine. Je pense que nous pourrons ouvrir pour d\u00e9but juin. Avec cette formule, j\u2019assume l\u2019image du Moulin Rose. <strong>Celle d\u2019une ambiance cool<\/strong> \u00bb, affirme Rapha\u00ebl Alarcon.<\/p>\n<p class=\" wall-content\">Courant juin, le club retrouvera aussi <strong>une programmation de concerts et de spectacles.<\/strong> \u00ab Je mise sur les artistes des ann\u00e9es 80. Pas des copies. The Artist ! Ceux que les gens adorent. Un gros \u00e9v\u00e9nement est d\u00e9j\u00e0 pr\u00e9vu, que je ne peux pas encore annoncer. Du lourd ! Nous rendrons aussi hommage <a href=\"https:\/\/actu.fr\/normandie\/rouen_76540\/tour-de-france-a-rouen-des-animations-arrivent-des-la-fin-mai-pour-l-occasion_62623052.html\" rel=\"nofollow noopener\" target=\"_blank\">au Tour de France qui passera le 8 juillet devant notre porte<\/a> \u00bb, ajoute Rapha\u00ebl Alarcon. Les dates seront annonc\u00e9es sur les r\u00e9seaux sociaux (Facebook, Instagram, Tik Tok, etc.) et bient\u00f4t sur le nouveau site internet du Moulin Rose.<\/p>\n<p>Suivez l\u2019actualit\u00e9 de Rouen <a href=\"https:\/\/www.whatsapp.com\/channel\/0029VaKfnf99hXF2ddApFB1D\" rel=\"nofollow noopener\" target=\"_blank\">sur notre cha\u00eene WhatsApp<\/a> et <a href=\"https:\/\/www.tiktok.com\/@76actu.fr?lang=fr\" rel=\"nofollow noopener\" target=\"_blank\">sur notre compte TikTok<\/a><\/p>\n<p class=\" wall-content\">Suivez toute l\u2019actualit\u00e9 de vos villes et m\u00e9dias favoris en vous inscrivant \u00e0 <a href=\"https:\/\/moncompte.actu.fr\" title=\"D\u00e9couvez Mon Actu\" rel=\"nofollow noopener\" data-trk=\"{&quot;cta&quot;:{&quot;action&quot;:&quot;https:\\\/\\\/moncompte.actu.fr&quot;,&quot;category&quot;:&quot;mon compte&quot;,&quot;from&quot;:&quot;article footer&quot;,&quot;name&quot;:&quot;Mon actu&quot;,&quot;type&quot;:&quot;cta&quot;}}\" target=\"_blank\">Mon Actu<\/a>.<\/p>\n<p>                    <script async src=\"\/\/www.tiktok.com\/embed.js\"><\/script><\/p>\n","protected":false},"excerpt":{"rendered":"Par Isabelle Villy Publi\u00e9 le 15 mai 2025 \u00e0 20h13 ; mis \u00e0 jour le 15 mai 2025&hellip;\n","protected":false},"author":2,"featured_media":102599,"comment_status":"","ping_status":"","sticky":false,"template":"","format":"standard","meta":{"footnotes":""},"categories":[9587],"tags":[1111,11,9086,1777,674,1011,27,1652,12,5161,25,9590],"class_list":{"0":"post-102598","1":"post","2":"type-post","3":"status-publish","4":"format-standard","5":"has-post-thumbnail","7":"category-rouen","8":"tag-actu","9":"tag-actualites","10":"tag-bon-plan-a-rouen","11":"tag-eu","12":"tag-europe","13":"tag-fr","14":"tag-france","15":"tag-loisirs-culture","16":"tag-news","17":"tag-normandie","18":"tag-republique-francaise","19":"tag-rouen"},"share_on_mastodon":{"url":"https:\/\/pubeurope.com\/@fr\/114513370461429730","error":""},"_links":{"self":[{"href":"https:\/\/www.europesays.com\/fr\/wp-json\/wp\/v2\/posts\/102598","targetHints":{"allow":["GET"]}}],"collection":[{"href":"https:\/\/www.europesays.com\/fr\/wp-json\/wp\/v2\/posts"}],"about":[{"href":"https:\/\/www.europesays.com\/fr\/wp-json\/wp\/v2\/types\/post"}],"author":[{"embeddable":true,"href":"https:\/\/www.europesays.com\/fr\/wp-json\/wp\/v2\/users\/2"}],"replies":[{"embeddable":true,"href":"https:\/\/www.europesays.com\/fr\/wp-json\/wp\/v2\/comments?post=102598"}],"version-history":[{"count":0,"href":"https:\/\/www.europesays.com\/fr\/wp-json\/wp\/v2\/posts\/102598\/revisions"}],"wp:featuredmedia":[{"embeddable":true,"href":"https:\/\/www.europesays.com\/fr\/wp-json\/wp\/v2\/media\/102599"}],"wp:attachment":[{"href":"https:\/\/www.europesays.com\/fr\/wp-json\/wp\/v2\/media?parent=102598"}],"wp:term":[{"taxonomy":"category","embeddable":true,"href":"https:\/\/www.europesays.com\/fr\/wp-json\/wp\/v2\/categories?post=102598"},{"taxonomy":"post_tag","embeddable":true,"href":"https:\/\/www.europesays.com\/fr\/wp-json\/wp\/v2\/tags?post=102598"}],"curies":[{"name":"wp","href":"https:\/\/api.w.org\/{rel}","templated":true}]}}