{"id":102600,"date":"2025-05-15T18:55:13","date_gmt":"2025-05-15T18:55:13","guid":{"rendered":"https:\/\/www.europesays.com\/fr\/102600\/"},"modified":"2025-05-15T18:55:13","modified_gmt":"2025-05-15T18:55:13","slug":"les-amateurs-de-belles-bougies-ont-une-nouvelle-adresse-dans-le-centre-de-rouen","status":"publish","type":"post","link":"https:\/\/www.europesays.com\/fr\/102600\/","title":{"rendered":"Les amateurs de belles bougies ont une nouvelle adresse dans le centre de Rouen"},"content":{"rendered":"<p>            Par<br \/>\n        <strong><br \/>\n            <a href=\"https:\/\/actu.fr\/auteur\/laredaction\" title=\"Consulter tous les articles de R\u00e9daction Normandie\" rel=\"nofollow noopener\" target=\"_blank\">R\u00e9daction Normandie<\/a><br \/>\n        <\/strong><\/p>\n<p>        Publi\u00e9 le<\/p>\n<p>            15 mai 2025 \u00e0 17h29        <\/p>\n<p><strong>Everglow, une flamme<\/strong> ouvre ses portes le vendredi 16 mai 2025. Fond\u00e9e par Layna Trinh, <strong>la boutique de bougies<\/strong> est situ\u00e9e au <strong>53 rue Jean-Lecanuet, pr\u00e8s du square Verdrel<\/strong> <a href=\"https:\/\/actu.fr\/normandie\/rouen_76540\" rel=\"nofollow noopener\" target=\"_blank\">\u00e0 Rouen (Seine-Maritime)<\/a>.<\/p>\n<p>La passion des bougies artisanales\u00a0<\/p>\n<p class=\" wall-content\">\u00ab\u00a0\u00catre ma propre cheffe\u00a0\u00bb, c\u2019est ce que Layna Trinh a toujours voulu. En septembre 2024, elle se lance dans l\u2019aventure en cr\u00e9ant sa propre marque de bougies artisanales. \u00ab\u00a0J\u2019ai toujours ador\u00e9 en acheter et en offrir\u00a0\u00bb, confie-t-elle. Elle commence par vendre ses cr\u00e9ations \u00ab\u00a0faites main\u00a0\u00bb sur son site web, <strong>en misant sur des produits \u00e9thiques<\/strong> : \u00ab\u00a0Cire de soja, parfums de Grasse, v\u00e9gan et non-nocives pour les animaux\u00a0\u00bb.<\/p>\n<p class=\" wall-content\">Mais un \u00ab\u00a0d\u00e9clic\u00a0\u00bb survient en d\u00e9cembre 2024, lors des f\u00eates de fin d\u2019ann\u00e9e. Une vente fructueuse la pousse <strong>\u00e0 franchir le cap d\u2019ouvrir une boutique physique<\/strong>. Elle a saut\u00e9 le pas \u00ab\u00a0toute seule, mais accompagn\u00e9e par ma maman avec dont je suis tr\u00e8s tr\u00e8s proche\u00a0\u00bb.<\/p>\n<p>\u00ab\u00a0Qui brille \u00e9ternellement\u00a0\u00bb<\/p>\n<p class=\" wall-content\">Le nom de sa boutique n\u2019est pas choisi au hasard. <strong>Inspir\u00e9 par la chanson Everglow du groupe Coldplay<\/strong>, il est aussi un clin d\u2019\u0153il \u00e0 sa m\u00e8re, en hommage \u00e0 son grand-p\u00e8re disparu. Pour se d\u00e9marquer des nombreuses marques d\u00e9j\u00e0 nomm\u00e9es \u00ab\u00a0Everglow\u00a0\u00bb, elle ajoute \u00ab\u00a0une flamme\u00a0\u00bb, en r\u00e9f\u00e9rence \u00e0 la flamme de ses cr\u00e9ations parfum\u00e9es.\u00a0<\/p>\n<p class=\" wall-content\"><strong>Pens\u00e9e autour des univers de la romance et du vintage<\/strong>. La boutique s\u2019inspire notamment de l\u2019univers et de l\u2019esth\u00e9tisme de la s\u00e9rie \u00e0 succ\u00e8s Les Chroniques de Bridgerton. Layna Trinh souhaite y faire ressentir une ambiance po\u00e9tique, accompagn\u00e9e par une playlist de morceaux modernes revisit\u00e9s au violon.\u00a0<\/p>\n<p>Vid\u00e9os : en ce moment sur Actu<\/p>\n<p class=\" wall-content\"><strong>\u00ab\u00a0Cr\u00e9ative, depuis toujours\u00a0\u00bb<\/strong>, elle tient \u00e0 ce que ses confections soient, <strong>\u00ab\u00a0qualitatives et jolies\u00a0\u00bb<\/strong>. Elle imagine \u00e9galement une gamme d\u2019activit\u00e9s immersives et cr\u00e9atives telles que \u00ab\u00a0des ateliers m\u00e8re-fille\u00a0\u00bb mais aussi un bar \u00e0 fondants.<\/p>\n<p class=\" wall-content\">Dans une grande armoire, les clients pourront choisir parmi une vari\u00e9t\u00e9 de formes et de senteurs, peser leurs fondants, \u00ab\u00a0comme dans un stand \u00e0 bonbon\u00a0\u00bb, pr\u00e9cise-t-elle. Les fondants seront propos\u00e9s \u00ab\u00a0avec diff\u00e9rentes couleurs, formes, comme par exemple,\u00a0 les madeleines qui ont l\u2019esth\u00e9tique de la madeleine, mais aussi l\u2019odeur\u00a0\u00bb.<\/p>\n<p class=\" wall-content\"><strong>Si elle imagine d\u00e9j\u00e0 une deuxi\u00e8me boutique<\/strong> \u00e0 plus long terme, Layna Trinh reste aujourd\u2019hui concentr\u00e9e sur \u00ab\u00a0son nouveau b\u00e9b\u00e9\u00a0\u00bb, comme elle l\u2019appelle. Everglow : une flamme, c\u2019est bien plus qu\u2019une boutique. \u00ab\u00a0C\u2019est un projet qui lie passion et cr\u00e9ativit\u00e9\u00a0\u00bb souligne-t-elle.\u00a0<\/p>\n<p class=\" wall-content\"><a href=\"https:\/\/www.instagram.com\/p\/DHose32MZgj\/embed\" title=\"Ouvrir le lien sur Instagram\" rel=\"nofollow noopener\" target=\"_blank\">Visualiser le contenu sur Instagram<\/a><\/p>\n<p class=\" wall-content\"><strong>No\u00e8mie Vasse<\/strong><\/p>\n<p>Everglow, une flamme, 53 rue Jean-Lecanuet \u00e0 Rouen, de 10h \u00e0 18h<\/p>\n<p>Suivez l\u2019actualit\u00e9 de Rouen <a href=\"https:\/\/www.whatsapp.com\/channel\/0029VaKfnf99hXF2ddApFB1D\" rel=\"nofollow noopener\" target=\"_blank\">sur notre cha\u00eene WhatsApp<\/a> et <a href=\"https:\/\/www.tiktok.com\/@76actu.fr?lang=fr\" rel=\"nofollow noopener\" target=\"_blank\">sur notre compte TikTok<\/a><\/p>\n<p class=\" wall-content\">Suivez toute l\u2019actualit\u00e9 de vos villes et m\u00e9dias favoris en vous inscrivant \u00e0 <a href=\"https:\/\/moncompte.actu.fr\" title=\"D\u00e9couvez Mon Actu\" rel=\"nofollow noopener\" data-trk=\"{&quot;cta&quot;:{&quot;action&quot;:&quot;https:\\\/\\\/moncompte.actu.fr&quot;,&quot;category&quot;:&quot;mon compte&quot;,&quot;from&quot;:&quot;article footer&quot;,&quot;name&quot;:&quot;Mon actu&quot;,&quot;type&quot;:&quot;cta&quot;}}\" target=\"_blank\">Mon Actu<\/a>.<\/p>\n<ul class=\"ac-article-tag wall-content\">\n<li><a href=\"https:\/\/actu.fr\/tag\/bon-plan-a-rouen\" data-trk=\"{&quot;cta&quot;:{&quot;action&quot;:&quot;Bon plan \\u00e0 Rouen&quot;,&quot;category&quot;:&quot;tag&quot;,&quot;from&quot;:&quot;article footer&quot;,&quot;name&quot;:&quot;Bon plan \\u00e0 Rouen&quot;,&quot;type&quot;:&quot;cta&quot;}}\" rel=\"nofollow noopener\" target=\"_blank\">#Bon plan \u00e0 Rouen<\/a><\/li>\n<li><a href=\"https:\/\/actu.fr\/tag\/commerce\" data-trk=\"{&quot;cta&quot;:{&quot;action&quot;:&quot;Commerce&quot;,&quot;category&quot;:&quot;tag&quot;,&quot;from&quot;:&quot;article footer&quot;,&quot;name&quot;:&quot;Commerce&quot;,&quot;type&quot;:&quot;cta&quot;}}\" rel=\"nofollow noopener\" target=\"_blank\">#Commerce<\/a><\/li>\n<\/ul>\n<p>                    <script async src=\"\/\/www.instagram.com\/embed.js\"><\/script><script async src=\"\/\/www.tiktok.com\/embed.js\"><\/script><\/p>\n","protected":false},"excerpt":{"rendered":"Par R\u00e9daction Normandie Publi\u00e9 le 15 mai 2025 \u00e0 17h29 Everglow, une flamme ouvre ses portes le vendredi&hellip;\n","protected":false},"author":2,"featured_media":102601,"comment_status":"","ping_status":"","sticky":false,"template":"","format":"standard","meta":{"footnotes":""},"categories":[9587],"tags":[1111,11,9086,215,1777,674,1011,27,1652,12,5161,25,9590],"class_list":{"0":"post-102600","1":"post","2":"type-post","3":"status-publish","4":"format-standard","5":"has-post-thumbnail","7":"category-rouen","8":"tag-actu","9":"tag-actualites","10":"tag-bon-plan-a-rouen","11":"tag-commerce","12":"tag-eu","13":"tag-europe","14":"tag-fr","15":"tag-france","16":"tag-loisirs-culture","17":"tag-news","18":"tag-normandie","19":"tag-republique-francaise","20":"tag-rouen"},"share_on_mastodon":{"url":"https:\/\/pubeurope.com\/@fr\/114513374286086909","error":""},"_links":{"self":[{"href":"https:\/\/www.europesays.com\/fr\/wp-json\/wp\/v2\/posts\/102600","targetHints":{"allow":["GET"]}}],"collection":[{"href":"https:\/\/www.europesays.com\/fr\/wp-json\/wp\/v2\/posts"}],"about":[{"href":"https:\/\/www.europesays.com\/fr\/wp-json\/wp\/v2\/types\/post"}],"author":[{"embeddable":true,"href":"https:\/\/www.europesays.com\/fr\/wp-json\/wp\/v2\/users\/2"}],"replies":[{"embeddable":true,"href":"https:\/\/www.europesays.com\/fr\/wp-json\/wp\/v2\/comments?post=102600"}],"version-history":[{"count":0,"href":"https:\/\/www.europesays.com\/fr\/wp-json\/wp\/v2\/posts\/102600\/revisions"}],"wp:featuredmedia":[{"embeddable":true,"href":"https:\/\/www.europesays.com\/fr\/wp-json\/wp\/v2\/media\/102601"}],"wp:attachment":[{"href":"https:\/\/www.europesays.com\/fr\/wp-json\/wp\/v2\/media?parent=102600"}],"wp:term":[{"taxonomy":"category","embeddable":true,"href":"https:\/\/www.europesays.com\/fr\/wp-json\/wp\/v2\/categories?post=102600"},{"taxonomy":"post_tag","embeddable":true,"href":"https:\/\/www.europesays.com\/fr\/wp-json\/wp\/v2\/tags?post=102600"}],"curies":[{"name":"wp","href":"https:\/\/api.w.org\/{rel}","templated":true}]}}