{"id":102618,"date":"2025-05-15T19:04:52","date_gmt":"2025-05-15T19:04:52","guid":{"rendered":"https:\/\/www.europesays.com\/fr\/102618\/"},"modified":"2025-05-15T19:04:52","modified_gmt":"2025-05-15T19:04:52","slug":"gloria-friedmann-une-dame-nature-a-la-hab-galerie-a-nantes","status":"publish","type":"post","link":"https:\/\/www.europesays.com\/fr\/102618\/","title":{"rendered":"Gloria Friedmann, une dame nature \u00e0 la Hab galerie, \u00e0 Nantes"},"content":{"rendered":"<p><strong>\u00ab\u00a0Une exposition qui parle de la terre, de la nature et cr\u00e9e deux sensations contradictoires\u00a0: une sensation de douceur, de paix mais aussi une inqui\u00e9tude\u00a0\u00bb,<\/strong> r\u00e9sume Sophie L\u00e9vy, directrice du Van, au sujet de l\u2019exposition\u00a0de Gloria Friedman qui, sorte de prologue au Voyage \u00e0 Nantes, d\u00e9bute, ce vendredi 16\u00a0mai, \u00e0 la Hab galerie. Et c\u2019est bien ce que l\u2019on ressent entre les sculptures de l\u2019artiste allemande\u00a0: ici Le regardeur, immense buste aux yeux d\u2019ammonites, l\u00e0 ses silhouettes semblant avancer dans un entonnoir, sa fus\u00e9e sur des arbres\u2026<\/p>\n<p>Install\u00e9e en France depuis 1977, l\u2019artiste travaille depuis les ann\u00e9es 1980\u00a0sur la nature et sa d\u00e9gradation. <strong>\u00ab\u00a0Quand j\u2019ai commenc\u00e9 \u00e0 travailler sur le th\u00e8me, comme les pluies acides, on m\u2019a dit\u00a0: \u201c\u00c7a n\u2019a aucun int\u00e9r\u00eat, tout va bien\u201d, <\/strong>raconte-t-elle.<strong> \u00c7a a chang\u00e9\u00a0! Cette exposition est une fiction qui exprime les inqui\u00e9tudes que nous partageons maintenant. O\u00f9 va-t-on avec cette terre\u00a0?\u00a0\u00bb<\/strong><\/p>\n<p>Combien de terres faut-il \u00e0 l\u2019homme\u00a0? Du 16\u00a0mai au 28\u00a0septembre, \u00e0 la Hab galerie, au hangar \u00e0 bananes. Du mercredi au dimanche, de 13\u00a0h\u00a030 \u00e0 19\u00a0h. Puis, du 28\u00a0juillet au 31\u00a0ao\u00fbt, tous les jours, de 10\u00a0h \u00e0 19\u00a0h.<\/p>\n<p>\u00a0<\/p>\n","protected":false},"excerpt":{"rendered":"\u00ab\u00a0Une exposition qui parle de la terre, de la nature et cr\u00e9e deux sensations contradictoires\u00a0: une sensation de&hellip;\n","protected":false},"author":2,"featured_media":102619,"comment_status":"","ping_status":"","sticky":false,"template":"","format":"standard","meta":{"footnotes":""},"categories":[2818],"tags":[1111,11,2192,1777,674,1011,27,21867,10486,21866,21868,766,2742,12,2636,25],"class_list":{"0":"post-102618","1":"post","2":"type-post","3":"status-publish","4":"format-standard","5":"has-post-thumbnail","7":"category-nantes","8":"tag-actu","9":"tag-actualites","10":"tag-cholet","11":"tag-eu","12":"tag-europe","13":"tag-fr","14":"tag-france","15":"tag-friedmann","16":"tag-galerie","17":"tag-gloria","18":"tag-hab","19":"tag-nantes","20":"tag-nature","21":"tag-news","22":"tag-pays-de-la-loire","23":"tag-republique-francaise"},"share_on_mastodon":{"url":"https:\/\/pubeurope.com\/@fr\/114513413756142155","error":""},"_links":{"self":[{"href":"https:\/\/www.europesays.com\/fr\/wp-json\/wp\/v2\/posts\/102618","targetHints":{"allow":["GET"]}}],"collection":[{"href":"https:\/\/www.europesays.com\/fr\/wp-json\/wp\/v2\/posts"}],"about":[{"href":"https:\/\/www.europesays.com\/fr\/wp-json\/wp\/v2\/types\/post"}],"author":[{"embeddable":true,"href":"https:\/\/www.europesays.com\/fr\/wp-json\/wp\/v2\/users\/2"}],"replies":[{"embeddable":true,"href":"https:\/\/www.europesays.com\/fr\/wp-json\/wp\/v2\/comments?post=102618"}],"version-history":[{"count":0,"href":"https:\/\/www.europesays.com\/fr\/wp-json\/wp\/v2\/posts\/102618\/revisions"}],"wp:featuredmedia":[{"embeddable":true,"href":"https:\/\/www.europesays.com\/fr\/wp-json\/wp\/v2\/media\/102619"}],"wp:attachment":[{"href":"https:\/\/www.europesays.com\/fr\/wp-json\/wp\/v2\/media?parent=102618"}],"wp:term":[{"taxonomy":"category","embeddable":true,"href":"https:\/\/www.europesays.com\/fr\/wp-json\/wp\/v2\/categories?post=102618"},{"taxonomy":"post_tag","embeddable":true,"href":"https:\/\/www.europesays.com\/fr\/wp-json\/wp\/v2\/tags?post=102618"}],"curies":[{"name":"wp","href":"https:\/\/api.w.org\/{rel}","templated":true}]}}