{"id":102620,"date":"2025-05-15T19:05:22","date_gmt":"2025-05-15T19:05:22","guid":{"rendered":"https:\/\/www.europesays.com\/fr\/102620\/"},"modified":"2025-05-15T19:05:22","modified_gmt":"2025-05-15T19:05:22","slug":"appel-a-temoins-apres-la-disparition-dun-septuagenaire-atteint-de-troubles-cognitifs","status":"publish","type":"post","link":"https:\/\/www.europesays.com\/fr\/102620\/","title":{"rendered":"appel \u00e0 t\u00e9moins apr\u00e8s la disparition d\u2019un septuag\u00e9naire atteint de troubles cognitifs"},"content":{"rendered":"<p>La police nationale a annonc\u00e9, jeudi, chercher \u00e0 retrouver la trace d\u2019un homme de 70 ans, disparu depuis le 12 mai \u00e0 Orvault, dans la banlieue nantaise.<\/p>\n<p class=\"fig-paragraph\">Les drones ont \u00e9t\u00e9 d\u00e9ploy\u00e9s par les autorit\u00e9s depuis le d\u00e9but de la semaine, dans le nord\u00a0<a href=\"https:\/\/www.lefigaro.fr\/nantes\" target=\"_blank\" data-fig-type=\"Section\" rel=\"noopener\" data-gtm-custom-categorie=\"navigation\" data-gtm-custom-action=\"crossclick\" data-gtm-custom-label=\"Contextuel\" data-gtm-event=\"customEventSPE\" data-fig-domain=\"LEFIGARO\">de Nantes<\/a>\u00a0(Loire-Atlantique). La police nationale a partag\u00e9, jeudi 15 mai, un appel \u00e0 t\u00e9moins pour retrouver la trace de Thierry Bourse, un homme de 70 ans qui n\u2019a plus \u00e9t\u00e9 vu depuis sa descente d\u2019un bus,\u00a0<a href=\"http:\/\/www.lefigaro.fr\/nantes\/un-echec-de-la-politique-du-maire-orvault-ville-ecologiste-de-27-000-habitants-n-a-plus-que-trois-policiers-municipaux-20240923\" target=\"_blank\" data-fig-type=\"NewsFlash\" rel=\"noopener\" data-gtm-custom-categorie=\"navigation\" data-gtm-custom-action=\"crossclick\" data-gtm-custom-label=\"Contextuel\" data-gtm-event=\"customEventSPE\" data-fig-domain=\"LEFIGARO\">\u00e0 Orvault<\/a>, dans la banlieue nantaise. Revenant d\u2019une visite chez un v\u00e9t\u00e9rinaire prenant soin du chat familial, le septuag\u00e9naire a \u00e9t\u00e9 aper\u00e7u pour la derni\u00e8re fois \u00e0 l\u2019arr\u00eat Charmille, le lundi 12 mai, \u00e0 16h23. Il n\u2019est finalement jamais retourn\u00e9 chez lui.<\/p>\n<p class=\"fig-paragraph\">L\u2019\u00e9pouse du septuag\u00e9naire a signal\u00e9, le soir m\u00eame, la disparition de son mari aux forces de l\u2019ordre. \u00abL\u2019homme recherch\u00e9 souffre de troubles cognitifs et pourrait avoir \u00e9t\u00e9 d\u00e9sorient\u00e9\u00bb, souffle une source polici\u00e8re, qui pr\u00e9cise que de premi\u00e8res recherches ont \u00e9t\u00e9 men\u00e9es d\u00e8s mardi, dans un secteur g\u00e9ographique de plus en plus \u00e9largi.<\/p>\n<p>Chiens et drones engag\u00e9s<\/p>\n<p class=\"fig-paragraph\">\u00abSix chiens de patrouille sont actuellement d\u00e9ploy\u00e9s sur la zone de recherche. Des enqu\u00eateurs du Service local de police judiciaire de Nantes sont \u00e9galement sur le terrain pour retrouver la personne disparue\u00bb, indique l\u2019appel \u00e0 t\u00e9moins diffus\u00e9 jeudi par la direction interd\u00e9partementale de la police nationale de Loire-Atlantique. Deux drones de recherches ont \u00e9galement \u00e9t\u00e9 d\u00e9ploy\u00e9s par les pompiers nantais.<\/p>\n<p class=\"fig-paragraph\">Le septuag\u00e9naire recherch\u00e9 mesure 1,75 m\u00e8tre. De corpulence normale, les cheveux poivre et sel, les yeux bleus, il portait le jour de sa disparition un surv\u00eatement fonc\u00e9, des baskets de couleur bleue et des lunettes de vue \u00e0 monture noire. En cas d\u2019informations, le commissariat central de Nantes recommande d\u2019appeler de toute urgence le 17, le 18 ou le groupe de police administrative, au 02.53.46.70.00.<\/p>\n","protected":false},"excerpt":{"rendered":"La police nationale a annonc\u00e9, jeudi, chercher \u00e0 retrouver la trace d\u2019un homme de 70 ans, disparu depuis&hellip;\n","protected":false},"author":2,"featured_media":102621,"comment_status":"","ping_status":"","sticky":false,"template":"","format":"standard","meta":{"footnotes":""},"categories":[2818],"tags":[1111,11,2715,1777,674,462,1011,27,2640,2642,766,2638,2643,2637,2639,2646,2645,2641,2635,2644,2647,12,2636,25],"class_list":{"0":"post-102620","1":"post","2":"type-post","3":"status-publish","4":"format-standard","5":"has-post-thumbnail","7":"category-nantes","8":"tag-actu","9":"tag-actualites","10":"tag-disparition","11":"tag-eu","12":"tag-europe","13":"tag-fc-nantes","14":"tag-fr","15":"tag-france","16":"tag-hauts-paves-saint-felix","17":"tag-ile-de-nantes","18":"tag-nantes","19":"tag-nantes-bellevue-chantenay-sainte-anne","20":"tag-nantes-breil-barberie","21":"tag-nantes-centre-ville","22":"tag-nantes-dervallieres-zola","23":"tag-nantes-doulon-bottiere","24":"tag-nantes-erdre","25":"tag-nantes-malakoff-saint-donatien","26":"tag-nantes-metropole","27":"tag-nantes-nord","28":"tag-nantes-sud","29":"tag-news","30":"tag-pays-de-la-loire","31":"tag-republique-francaise"},"share_on_mastodon":{"url":"https:\/\/pubeurope.com\/@fr\/114513413964843434","error":""},"_links":{"self":[{"href":"https:\/\/www.europesays.com\/fr\/wp-json\/wp\/v2\/posts\/102620","targetHints":{"allow":["GET"]}}],"collection":[{"href":"https:\/\/www.europesays.com\/fr\/wp-json\/wp\/v2\/posts"}],"about":[{"href":"https:\/\/www.europesays.com\/fr\/wp-json\/wp\/v2\/types\/post"}],"author":[{"embeddable":true,"href":"https:\/\/www.europesays.com\/fr\/wp-json\/wp\/v2\/users\/2"}],"replies":[{"embeddable":true,"href":"https:\/\/www.europesays.com\/fr\/wp-json\/wp\/v2\/comments?post=102620"}],"version-history":[{"count":0,"href":"https:\/\/www.europesays.com\/fr\/wp-json\/wp\/v2\/posts\/102620\/revisions"}],"wp:featuredmedia":[{"embeddable":true,"href":"https:\/\/www.europesays.com\/fr\/wp-json\/wp\/v2\/media\/102621"}],"wp:attachment":[{"href":"https:\/\/www.europesays.com\/fr\/wp-json\/wp\/v2\/media?parent=102620"}],"wp:term":[{"taxonomy":"category","embeddable":true,"href":"https:\/\/www.europesays.com\/fr\/wp-json\/wp\/v2\/categories?post=102620"},{"taxonomy":"post_tag","embeddable":true,"href":"https:\/\/www.europesays.com\/fr\/wp-json\/wp\/v2\/tags?post=102620"}],"curies":[{"name":"wp","href":"https:\/\/api.w.org\/{rel}","templated":true}]}}