{"id":102632,"date":"2025-05-15T19:11:11","date_gmt":"2025-05-15T19:11:11","guid":{"rendered":"https:\/\/www.europesays.com\/fr\/102632\/"},"modified":"2025-05-15T19:11:11","modified_gmt":"2025-05-15T19:11:11","slug":"samedi-17-mai-2025-lassociation-roller-ride-on-lille-fete-ses-25-ans-a-lille","status":"publish","type":"post","link":"https:\/\/www.europesays.com\/fr\/102632\/","title":{"rendered":"Samedi 17 mai 2025, l&rsquo;association Roller \u00ab\u00a0Ride on Lille\u00a0\u00bb f\u00eate ses 25 ans \u00e0 Lille"},"content":{"rendered":"<p style=\"text-align: justify;\"><strong>Samedi 17 mai 2025,<\/strong> <strong>Ride On Lille<\/strong> organise <strong>une Randonn\u00e9e des 25 ans <\/strong>dans les <strong>rues de Lille<\/strong> et une <strong>Roller Disco<\/strong> <strong>en soir\u00e9e.<\/strong><\/p>\n<p class=\"has-text-align-center\">Au programme<\/p>\n<p class=\"has-text-align-center\"><strong>La Randonn\u00e9e des 25 ans \u2013 Lille<\/strong><\/p>\n<p style=\"text-align: justify;\">Venez participer \u00e0 cette<strong> randonn\u00e9e festive, conviviale<\/strong> et <strong>accessible<\/strong> aux <strong>petits<\/strong> et aux <strong>grands<\/strong> pour <strong>f\u00eater les 25 ans de rando roller<\/strong> avec l\u2019association <strong>Ride On Lille.<\/strong> <strong>L\u2019arriv\u00e9e de la rando se fait directement au c\u0153ur de la f\u00eate :<\/strong> \u00e0 <strong>Chaud Bouillon<\/strong>, la <strong>nouvelle halle gourmande ultra festive de Lille !<\/strong><\/p>\n<p><a href=\"https:\/\/www.zoomsurlille.fr\/wp-content\/uploads\/2025\/05\/art_roller_25_ans_02.jpg\" target=\"_blank\" rel=\"noreferrer noopener nofollow\"><img loading=\"lazy\" decoding=\"async\" width=\"1024\" height=\"536\" src=\"https:\/\/www.europesays.com\/fr\/wp-content\/uploads\/2025\/05\/art_roller_25_ans_02-1024x536.jpg\" alt=\"\" class=\"wp-image-84812\"  \/><\/a><\/p>\n<p class=\"has-text-align-center\"><strong>Roller Disco des 25 ans \u2013 Chaud Bouillon  <\/strong><\/p>\n<p style=\"text-align: justify;\"><strong>Ambiance ann\u00e9es 2000<\/strong>, <strong>dansez sur les meilleures tubes des ann\u00e9es 2000,<\/strong> <strong>tenues vintages<\/strong> et <strong>color\u00e9es conseill\u00e9es !<\/strong> Venez <strong>danser en roller sur la piste<\/strong> avec <strong>petits<\/strong> et <strong>grands,<\/strong> <strong>2 cr\u00e9neaux seront propos\u00e9s,<\/strong> le <strong>1er de 19h \u00e0 21h<\/strong> et le <strong>2\u00e8me de 21h \u00e0 23h.<\/strong> Vous pourrez <strong>louer des rollers si vous le souhaitez.<\/strong><\/p>\n<p><a href=\"https:\/\/www.zoomsurlille.fr\/wp-content\/uploads\/2025\/05\/art_roller_25_ans_03.jpg\" target=\"_blank\" rel=\"noreferrer noopener nofollow\"><img loading=\"lazy\" decoding=\"async\" width=\"1024\" height=\"536\" src=\"https:\/\/www.europesays.com\/fr\/wp-content\/uploads\/2025\/05\/art_roller_25_ans_03-1024x536.jpg\" alt=\"\" class=\"wp-image-84813\"  \/><\/a><\/p>\n<p><strong><b><img decoding=\"async\" loading=\"lazy\" class=\"size-full wp-image-45 lazyloaded tie-appear\" src=\"https:\/\/www.europesays.com\/fr\/wp-content\/uploads\/2025\/04\/1743937991_452_arrow.png\" alt=\"\" width=\"9\" height=\"9\" data-lazy-src=\"https:\/\/www.europesays.com\/fr\/wp-content\/uploads\/2025\/04\/1743937991_452_arrow.png\"\/><\/b><\/strong> <a href=\"https:\/\/rol.asso.fr\/\" target=\"_blank\" rel=\"noopener nofollow\">Site internet de Ride On Lille<\/a><\/p>\n<p class=\"has-text-align-right\">Source &amp; Image : DR \u2013 \u00a9 Ride On Lille<\/p>\n","protected":false},"excerpt":{"rendered":"Samedi 17 mai 2025, Ride On Lille organise une Randonn\u00e9e des 25 ans dans les rues de Lille&hellip;\n","protected":false},"author":2,"featured_media":102633,"comment_status":"","ping_status":"","sticky":false,"template":"","format":"standard","meta":{"footnotes":""},"categories":[2815],"tags":[1111,11,21869,1777,674,1011,27,811,1307,12,25,21870,4888,21871],"class_list":{"0":"post-102632","1":"post","2":"type-post","3":"status-publish","4":"format-standard","5":"has-post-thumbnail","7":"category-lille","8":"tag-actu","9":"tag-actualites","10":"tag-chaud-bouillon","11":"tag-eu","12":"tag-europe","13":"tag-fr","14":"tag-france","15":"tag-hauts-de-france","16":"tag-lille","17":"tag-news","18":"tag-republique-francaise","19":"tag-ride-on-lille","20":"tag-roller","21":"tag-roller-disco"},"share_on_mastodon":{"url":"https:\/\/pubeurope.com\/@fr\/114513437470771657","error":""},"_links":{"self":[{"href":"https:\/\/www.europesays.com\/fr\/wp-json\/wp\/v2\/posts\/102632","targetHints":{"allow":["GET"]}}],"collection":[{"href":"https:\/\/www.europesays.com\/fr\/wp-json\/wp\/v2\/posts"}],"about":[{"href":"https:\/\/www.europesays.com\/fr\/wp-json\/wp\/v2\/types\/post"}],"author":[{"embeddable":true,"href":"https:\/\/www.europesays.com\/fr\/wp-json\/wp\/v2\/users\/2"}],"replies":[{"embeddable":true,"href":"https:\/\/www.europesays.com\/fr\/wp-json\/wp\/v2\/comments?post=102632"}],"version-history":[{"count":0,"href":"https:\/\/www.europesays.com\/fr\/wp-json\/wp\/v2\/posts\/102632\/revisions"}],"wp:featuredmedia":[{"embeddable":true,"href":"https:\/\/www.europesays.com\/fr\/wp-json\/wp\/v2\/media\/102633"}],"wp:attachment":[{"href":"https:\/\/www.europesays.com\/fr\/wp-json\/wp\/v2\/media?parent=102632"}],"wp:term":[{"taxonomy":"category","embeddable":true,"href":"https:\/\/www.europesays.com\/fr\/wp-json\/wp\/v2\/categories?post=102632"},{"taxonomy":"post_tag","embeddable":true,"href":"https:\/\/www.europesays.com\/fr\/wp-json\/wp\/v2\/tags?post=102632"}],"curies":[{"name":"wp","href":"https:\/\/api.w.org\/{rel}","templated":true}]}}