{"id":102634,"date":"2025-05-15T19:12:08","date_gmt":"2025-05-15T19:12:08","guid":{"rendered":"https:\/\/www.europesays.com\/fr\/102634\/"},"modified":"2025-05-15T19:12:08","modified_gmt":"2025-05-15T19:12:08","slug":"patrick-gherdoussi-remporte-le-prix-du-photojournalisme-remis-au-siege-de-la-provence","status":"publish","type":"post","link":"https:\/\/www.europesays.com\/fr\/102634\/","title":{"rendered":"Patrick Gherdoussi remporte le prix du photojournalisme, remis au si\u00e8ge de \u00ab\u00a0La Provence\u00a0\u00bb"},"content":{"rendered":"<p>Chaque ann\u00e9e, le club de la presse Marseille Provence Alpes du Sud organise le <a href=\"https:\/\/www.laprovence.com\/article\/edition-marseille\/6587678\/les-photoreporters-et-etudiants-ont-du-talent.html\" target=\"_blank\" rel=\"noopener\">Prix du photojournalisme<\/a>, visant \u00e0 r\u00e9compenser la meilleure photo r\u00e9gionale ayant \u00e9t\u00e9 publi\u00e9e au cours de l\u2019ann\u00e9e pass\u00e9e. Que ce soit dans la presse locale ou nationale, elle doit avoir \u00e9t\u00e9 r\u00e9alis\u00e9e sur le territoire du Sud-Est. Chaque participant peut proposer une \u00e0 trois photos, qui, si elles sont s\u00e9lectionn\u00e9es par le jury, pourront \u00eatre expos\u00e9es parmi la trentaine de clich\u00e9s.<\/p>\n<p>Un jury majoritairement f\u00e9minin<\/p>\n<p>Pour cette 8e \u00e9dition, Th\u00e9o Giacometti, pr\u00e9sident du jury, explique avoir voulu insuffler un changement dans l\u2019univers des concours de photographie, g\u00e9n\u00e9ralement tr\u00e8s masculin. Le jury de cette \u00e9dition est donc majoritairement f\u00e9minin, compos\u00e9e d\u2019\u00e9minentes figures du milieu de la photographie de presse.<\/p>\n<p>\u00c0 l\u2019image de Coralie Bonnefoy, co-r\u00e9dactrice en cheffe chez Marsactu, ou Marie Fantozzi, iconographe pour Le Monde et Lib\u00e9ration. Selon le pr\u00e9sident, ce choix explique notamment l\u2019augmentation des participations f\u00e9minines cette ann\u00e9e. Au-del\u00e0 de la parit\u00e9, il avait aussi \u00e0 c\u0153ur de s\u00e9lectionner des personnalit\u00e9s \u00ab\u00a0avec de v\u00e9ritables approches territoriales\u00a0\u00bb.<\/p>\n<p>Le \u00ab\u00a0pas de c\u00f4t\u00e9\u00a0\u00bb de Patrick\u00a0Gherdoussi<\/p>\n<p>L\u2019annonce du laur\u00e9at de\u00a02025, Patrick Gherdoussi, s\u2019est tenue dans le hall de la r\u00e9daction de La Provence, \u00e0 Marseille. Sa photo en noir et blanc, M\u2019endors pas, parue dans Lib\u00e9ration, a \u00e9t\u00e9 prise lors de l\u2019ouverture du <a href=\"https:\/\/www.laprovence.com\/article\/region\/148613467631615\/proces-en-appel-des-viols-de-mazan-a-avignon-plus-de-la-moitie-des-accuses-se-sont-deja-desistes\" target=\"_blank\" rel=\"noopener\">proc\u00e8s des viols de Mazan<\/a>.<\/p>\n<p>On y voit un collage r\u00e9alis\u00e9 de nuit, par un collectif f\u00e9ministe. Th\u00e9o Giacometti explique ce choix par le sentiment d\u2019un \u00ab\u00a0pas de c\u00f4t\u00e9\u201d effectu\u00e9 par le photographe au travers de ce clich\u00e9\u00a0: \u00ab\u00a0Il y a tout dans cette photo, \u00e0 la fois une composition et une information\u00a0\u00bb. Selon lui, c\u2019est un moyen de repr\u00e9senter ce proc\u00e8s qui a marqu\u00e9 toute une g\u00e9n\u00e9ration, mais aussi de parler de \u00ab\u00a0toutes ces femmes qui ont \u00e9t\u00e9 touch\u00e9es et se sont retrouv\u00e9es soud\u00e9es\u00a0\u00bb.<\/p>\n","protected":false},"excerpt":{"rendered":"Chaque ann\u00e9e, le club de la presse Marseille Provence Alpes du Sud organise le Prix du photojournalisme, visant&hellip;\n","protected":false},"author":2,"featured_media":102635,"comment_status":"","ping_status":"","sticky":false,"template":"","format":"standard","meta":{"footnotes":""},"categories":[2814],"tags":[17,1111,11,251,1777,674,1011,27,21872,21873,884,12,12012,14151,882,14582,6798,25,21874],"class_list":{"0":"post-102634","1":"post","2":"type-post","3":"status-publish","4":"format-standard","5":"has-post-thumbnail","7":"category-marseille","8":"tag-17","9":"tag-actu","10":"tag-actualites","11":"tag-culture","12":"tag-eu","13":"tag-europe","14":"tag-fr","15":"tag-france","16":"tag-gherdoussi","17":"tag-le-prix","18":"tag-marseille","19":"tag-news","20":"tag-patrick","21":"tag-photojournalisme","22":"tag-provence-alpes-cote-dazur","23":"tag-remis","24":"tag-remporte","25":"tag-republique-francaise","26":"tag-siege"},"share_on_mastodon":{"url":"https:\/\/pubeurope.com\/@fr\/114513441149635735","error":""},"_links":{"self":[{"href":"https:\/\/www.europesays.com\/fr\/wp-json\/wp\/v2\/posts\/102634","targetHints":{"allow":["GET"]}}],"collection":[{"href":"https:\/\/www.europesays.com\/fr\/wp-json\/wp\/v2\/posts"}],"about":[{"href":"https:\/\/www.europesays.com\/fr\/wp-json\/wp\/v2\/types\/post"}],"author":[{"embeddable":true,"href":"https:\/\/www.europesays.com\/fr\/wp-json\/wp\/v2\/users\/2"}],"replies":[{"embeddable":true,"href":"https:\/\/www.europesays.com\/fr\/wp-json\/wp\/v2\/comments?post=102634"}],"version-history":[{"count":0,"href":"https:\/\/www.europesays.com\/fr\/wp-json\/wp\/v2\/posts\/102634\/revisions"}],"wp:featuredmedia":[{"embeddable":true,"href":"https:\/\/www.europesays.com\/fr\/wp-json\/wp\/v2\/media\/102635"}],"wp:attachment":[{"href":"https:\/\/www.europesays.com\/fr\/wp-json\/wp\/v2\/media?parent=102634"}],"wp:term":[{"taxonomy":"category","embeddable":true,"href":"https:\/\/www.europesays.com\/fr\/wp-json\/wp\/v2\/categories?post=102634"},{"taxonomy":"post_tag","embeddable":true,"href":"https:\/\/www.europesays.com\/fr\/wp-json\/wp\/v2\/tags?post=102634"}],"curies":[{"name":"wp","href":"https:\/\/api.w.org\/{rel}","templated":true}]}}