{"id":102639,"date":"2025-05-15T19:15:10","date_gmt":"2025-05-15T19:15:10","guid":{"rendered":"https:\/\/www.europesays.com\/fr\/102639\/"},"modified":"2025-05-15T19:15:10","modified_gmt":"2025-05-15T19:15:10","slug":"john-textor-est-a-lyon","status":"publish","type":"post","link":"https:\/\/www.europesays.com\/fr\/102639\/","title":{"rendered":"John Textor est \u00e0 Lyon"},"content":{"rendered":"<p><a href=\"https:\/\/www.leprogres.fr\/p\/john-textor\" target=\"_blank\" rel=\"noopener\">John Textor<\/a> assistera \u00e0 OL &#8211; Angers samedi (21h) au <a href=\"https:\/\/www.leprogres.fr\/p\/groupama-stadium\" target=\"_blank\" rel=\"noopener\">Groupama Stadium<\/a>. Il est d\u2019ailleurs \u00e0 Lyon, et a men\u00e9 au sein du club toute une s\u00e9rie de r\u00e9unions, jeudi apr\u00e8s-midi. Elles se prolongeront tout au long des prochaines heures. Le contenu n\u2019a pas filtr\u00e9 mais le patron am\u00e9ricain de l\u2019OL a \u00e9videmment plusieurs dossiers \u00e0 \u00e9tudier, concernant l\u2019avenir du club. Il est du reste entendu que l\u2019avenir sportif d\u00e9pend de l\u2019\u00e9tat de sant\u00e9 financier du club. L\u2019institution lyonnaise pr\u00e9pare son audition devant la DNCG pr\u00e9vue dans le courant du mois de juin. <\/p>\n<p>John Textor s\u2019est voulu rassurant ces derniers jours. \u00ab D\u2019ici le 30 juin, nos activit\u00e9s footballistiques, tant au niveau mondial qu\u2019en France, seront bien positionn\u00e9es pour atteindre la rentabilit\u00e9, qui est la d\u00e9finition m\u00eame de la durabilit\u00e9 \u00bb, a-t-il comment\u00e9 r\u00e9cemment. Il avait au pr\u00e9alable pr\u00e9cis\u00e9 pour se d\u00e9fendre aupr\u00e8s des fans que \u00abdepuis d\u00e9cembre 2022, nous avons investi plus de 293 millions d\u2019euros directement dans votre club\u00bb.<\/p>\n","protected":false},"excerpt":{"rendered":"John Textor assistera \u00e0 OL &#8211; Angers samedi (21h) au Groupama Stadium. Il est d\u2019ailleurs \u00e0 Lyon, et&hellip;\n","protected":false},"author":2,"featured_media":102640,"comment_status":"","ping_status":"","sticky":false,"template":"","format":"standard","meta":{"footnotes":""},"categories":[1889],"tags":[1111,11,2430,2757,1777,674,63,1011,27,2428,2756,12,2755,25,517],"class_list":{"0":"post-102639","1":"post","2":"type-post","3":"status-publish","4":"format-standard","5":"has-post-thumbnail","7":"category-lyon","8":"tag-actu","9":"tag-actualites","10":"tag-auvergne-rhone-alpes","11":"tag-edition-lyon-villeurbanne","12":"tag-eu","13":"tag-europe","14":"tag-football","15":"tag-fr","16":"tag-france","17":"tag-lyon","18":"tag-lyon-bassin","19":"tag-news","20":"tag-ol-olympique-lyonnais-football","21":"tag-republique-francaise","22":"tag-sport"},"share_on_mastodon":{"url":"https:\/\/pubeurope.com\/@fr\/114513452888610859","error":""},"_links":{"self":[{"href":"https:\/\/www.europesays.com\/fr\/wp-json\/wp\/v2\/posts\/102639","targetHints":{"allow":["GET"]}}],"collection":[{"href":"https:\/\/www.europesays.com\/fr\/wp-json\/wp\/v2\/posts"}],"about":[{"href":"https:\/\/www.europesays.com\/fr\/wp-json\/wp\/v2\/types\/post"}],"author":[{"embeddable":true,"href":"https:\/\/www.europesays.com\/fr\/wp-json\/wp\/v2\/users\/2"}],"replies":[{"embeddable":true,"href":"https:\/\/www.europesays.com\/fr\/wp-json\/wp\/v2\/comments?post=102639"}],"version-history":[{"count":0,"href":"https:\/\/www.europesays.com\/fr\/wp-json\/wp\/v2\/posts\/102639\/revisions"}],"wp:featuredmedia":[{"embeddable":true,"href":"https:\/\/www.europesays.com\/fr\/wp-json\/wp\/v2\/media\/102640"}],"wp:attachment":[{"href":"https:\/\/www.europesays.com\/fr\/wp-json\/wp\/v2\/media?parent=102639"}],"wp:term":[{"taxonomy":"category","embeddable":true,"href":"https:\/\/www.europesays.com\/fr\/wp-json\/wp\/v2\/categories?post=102639"},{"taxonomy":"post_tag","embeddable":true,"href":"https:\/\/www.europesays.com\/fr\/wp-json\/wp\/v2\/tags?post=102639"}],"curies":[{"name":"wp","href":"https:\/\/api.w.org\/{rel}","templated":true}]}}