{"id":102643,"date":"2025-05-15T19:18:12","date_gmt":"2025-05-15T19:18:12","guid":{"rendered":"https:\/\/www.europesays.com\/fr\/102643\/"},"modified":"2025-05-15T19:18:12","modified_gmt":"2025-05-15T19:18:12","slug":"la-brigade-des-stups-met-la-main-sur-plus-de-400-kilos-de-cocaine-un-record","status":"publish","type":"post","link":"https:\/\/www.europesays.com\/fr\/102643\/","title":{"rendered":"la brigade des stups met la main sur plus de 400 kilos de coca\u00efne, un record"},"content":{"rendered":"<p>            Par<br \/>\n        <strong><br \/>\n            <a href=\"https:\/\/actu.fr\/auteur\/redaction-paris\" title=\"Consulter tous les articles de R\u00e9daction Paris\" target=\"_blank\" rel=\"noopener\">R\u00e9daction Paris<\/a><br \/>\n        <\/strong><\/p>\n<p>        Publi\u00e9 le<\/p>\n<p>            15 mai 2025 \u00e0 20h40        <\/p>\n<p>Le coup de filet s\u2019est transform\u00e9 en une p\u00eache miraculeuse. Mardi 13\u00a0mai 2025, la brigade des stup\u00e9fiants a mis la main sur <a href=\"https:\/\/actu.fr\/ile-de-france\/tremblay-en-france_93073\/tempete-de-neige-sur-l-aeroport-de-roissy-le-nombre-de-voyageurs-transportant-de-la-cocaine-explose_62472776.html\" target=\"_blank\" rel=\"noopener\">une quantit\u00e9 astronomique de poudre blanche<\/a> <strong>dans une cave du 12e arrondissement.<\/strong><\/p>\n<p class=\" wall-content\">Selon une information du <a href=\"https:\/\/www.leparisien.fr\/faits-divers\/saisie-record-a-paris-435-kilos-de-cocaine-decouverts-dans-une-cave-quatre-hommes-places-en-garde-a-vue-15-05-2025-IKV4F2W5FFCFHOPR5FGVVX4SBY.php\" target=\"_blank\" rel=\"noopener\">Parisien<\/a>, confirm\u00e9e par le parquet aupr\u00e8s d\u2019actu Paris, cette intervention a \u00e9t\u00e9 men\u00e9e dans le cadre d\u2019une enqu\u00eate pr\u00e9liminaire diligent\u00e9e par la brigade des stup\u00e9fiants de la pr\u00e9fecture de police de Paris. <strong>435\u00a0kg de coca\u00efne ont \u00e9t\u00e9 saisis,<\/strong> soit environ 10,8\u00a0millions d\u2019euros.\u00a025\u2009000\u00a0euros d\u2019argent en liquide et 400 grammes de cannabis ont \u00e9galement \u00e9t\u00e9 trouv\u00e9s par les forces de l\u2019ordre.<\/p>\n<p>De Marseille \u00e0 Paris<\/p>\n<p class=\" wall-content\">Selon nos confr\u00e8res, quatre hommes \u00e2g\u00e9s d\u2019une quarantaine d\u2019ann\u00e9es ont \u00e9t\u00e9 interpell\u00e9s et plac\u00e9s en garde \u00e0 vue. L\u2019interpellation a \u00e9t\u00e9 men\u00e9e en pleine transaction, quand les \u00ab\u2009cibles\u2009\u00bb devaient recevoir leurs produits<strong> en provenance de Marseille.<\/strong><\/p>\n<p class=\" wall-content\">Suivez toute l\u2019actualit\u00e9 de vos villes et m\u00e9dias favoris en vous inscrivant \u00e0 <a href=\"https:\/\/moncompte.actu.fr\" title=\"D\u00e9couvez Mon Actu\" rel=\"nofollow noopener\" data-trk=\"{&quot;cta&quot;:{&quot;action&quot;:&quot;https:\\\/\\\/moncompte.actu.fr&quot;,&quot;category&quot;:&quot;mon compte&quot;,&quot;from&quot;:&quot;article footer&quot;,&quot;name&quot;:&quot;Mon actu&quot;,&quot;type&quot;:&quot;cta&quot;}}\" target=\"_blank\">Mon Actu<\/a>.<\/p>\n","protected":false},"excerpt":{"rendered":"Par R\u00e9daction Paris Publi\u00e9 le 15 mai 2025 \u00e0 20h40 Le coup de filet s\u2019est transform\u00e9 en une&hellip;\n","protected":false},"author":2,"featured_media":102644,"comment_status":"","ping_status":"","sticky":false,"template":"","format":"standard","meta":{"footnotes":""},"categories":[1888],"tags":[1111,1928,11,1927,1052,1777,674,1011,27,12,1926,626,1925,1072,1931,25,104],"class_list":{"0":"post-102643","1":"post","2":"type-post","3":"status-publish","4":"format-standard","5":"has-post-thumbnail","7":"category-paris","8":"tag-actu","9":"tag-actu-paris","10":"tag-actualites","11":"tag-actualites-paris","12":"tag-drogue","13":"tag-eu","14":"tag-europe","15":"tag-fr","16":"tag-france","17":"tag-news","18":"tag-news-paris","19":"tag-paris","20":"tag-paris-news","21":"tag-police","22":"tag-prefecture-de-police-de-paris","23":"tag-republique-francaise","24":"tag-societe"},"share_on_mastodon":{"url":"https:\/\/pubeurope.com\/@fr\/114513465021832326","error":""},"_links":{"self":[{"href":"https:\/\/www.europesays.com\/fr\/wp-json\/wp\/v2\/posts\/102643","targetHints":{"allow":["GET"]}}],"collection":[{"href":"https:\/\/www.europesays.com\/fr\/wp-json\/wp\/v2\/posts"}],"about":[{"href":"https:\/\/www.europesays.com\/fr\/wp-json\/wp\/v2\/types\/post"}],"author":[{"embeddable":true,"href":"https:\/\/www.europesays.com\/fr\/wp-json\/wp\/v2\/users\/2"}],"replies":[{"embeddable":true,"href":"https:\/\/www.europesays.com\/fr\/wp-json\/wp\/v2\/comments?post=102643"}],"version-history":[{"count":0,"href":"https:\/\/www.europesays.com\/fr\/wp-json\/wp\/v2\/posts\/102643\/revisions"}],"wp:featuredmedia":[{"embeddable":true,"href":"https:\/\/www.europesays.com\/fr\/wp-json\/wp\/v2\/media\/102644"}],"wp:attachment":[{"href":"https:\/\/www.europesays.com\/fr\/wp-json\/wp\/v2\/media?parent=102643"}],"wp:term":[{"taxonomy":"category","embeddable":true,"href":"https:\/\/www.europesays.com\/fr\/wp-json\/wp\/v2\/categories?post=102643"},{"taxonomy":"post_tag","embeddable":true,"href":"https:\/\/www.europesays.com\/fr\/wp-json\/wp\/v2\/tags?post=102643"}],"curies":[{"name":"wp","href":"https:\/\/api.w.org\/{rel}","templated":true}]}}