{"id":102645,"date":"2025-05-15T19:19:08","date_gmt":"2025-05-15T19:19:08","guid":{"rendered":"https:\/\/www.europesays.com\/fr\/102645\/"},"modified":"2025-05-15T19:19:08","modified_gmt":"2025-05-15T19:19:08","slug":"on-sait-quand-et-comment-on-pourra-revoir-la-vasque-olympique-aux-tuileries-cet-ete","status":"publish","type":"post","link":"https:\/\/www.europesays.com\/fr\/102645\/","title":{"rendered":"on sait quand et comment on pourra (re)voir la vasque olympique aux Tuileries cet \u00e9t\u00e9"},"content":{"rendered":"<p>PARIS &#8211; Les nostalgiques des JO de Paris vont \u00eatre ravis. Pendant les trois prochains \u00e9t\u00e9s, la vasque olympique <a href=\"https:\/\/fr.news.yahoo.com\/vasque-olympique-va-revenir-chaque-113731937.html\" data-ylk=\"slk:qui r\u00e9investira le jardin des Tuileries;elm:context_link;itc:0;sec:content-canvas;outcm:mb_qualified_link;_E:mb_qualified_link;ct:story;\" class=\"link  yahoo-link\" target=\"_blank\" rel=\"noopener\">qui r\u00e9investira le jardin des Tuileries<\/a> sera accessible librement aux badauds et touristes, a d\u00e9taill\u00e9 ce jeudi 15\u00a0mai la pr\u00e9fecture de la r\u00e9gion \u00cele-de-France, aux cot\u00e9s d\u2019EDF, du Louvre et de son designer Mathieu Lehanneur.<\/p>\n<p>Elle ne sera ni tout \u00e0 fait la m\u00eame, ni tout \u00e0 fait une autre. Le ballon a \u00e9t\u00e9 refait ainsi que l\u2019anneau et elle s\u2019envolera chaque soir si la m\u00e9t\u00e9o le permet du 21\u00a0juin au 14\u00a0septembre.<\/p>\n<p><a href=\"https:\/\/fr.news.yahoo.com\/eugene-omalla-vendu-m%C3%A9daille-d-135011059.html\" data-ylk=\"slk:Eugene Omalla a vendu sa m\u00e9daille d\u2019or des JO de Paris 2024, le N\u00e9erlandais se justifie;elm:context_link;itc:0;sec:content-canvas;outcm:mb_qualified_link;_E:mb_qualified_link;ct:story;\" class=\"link  yahoo-link\" target=\"_blank\" rel=\"noopener\"> Eugene Omalla a vendu sa m\u00e9daille d\u2019or des JO de Paris 2024, le N\u00e9erlandais se justifie <\/a><\/p>\n<p>Cette vasque originale fa\u00e7on montgolfi\u00e8re, \u00e0 la flamme \u00e9lectrique, avait attir\u00e9 des centaines de milliers de personnes pendant les <a href=\"https:\/\/www.huffingtonpost.fr\/jo-paris-2024\/article\/les-64-medailles-francaises-aux-jeux-olympiques-de-paris-2024-et-le-nom-des-154-athletes-medailles-clx17_237214.html#:~:text=Selon%20les%20calculs%20du%20HuffPost,volley%2C%20rugby%2C%20handball).\" rel=\"nofollow noopener\" target=\"_blank\" data-ylk=\"slk:Jeux olympiques;elm:context_link;itc:0;sec:content-canvas\" class=\"link \">Jeux olympiques<\/a> et <a href=\"https:\/\/fr.news.yahoo.com\/c%C3%A9r%C3%A9monie-d-ouverture-jeux-paralympiques-173244619.html\" data-ylk=\"slk:paralympiques;elm:context_link;itc:0;sec:content-canvas;outcm:mb_qualified_link;_E:mb_qualified_link;ct:story;\" class=\"link  yahoo-link\" target=\"_blank\" rel=\"noopener\">paralympiques<\/a>, et il fallait r\u00e9server pour l\u2019admirer de pr\u00e8s.<\/p>\n<p>\u00ab\u00a0Nous sommes tr\u00e8s fiers de ce retour\u00a0\u00bb, a expliqu\u00e9 Kim Pham, administrateur du Louvre, qui a pr\u00e9cis\u00e9 que le jardin des Tuileries fermera le soir apr\u00e8s 22h30, et un peu plus t\u00f4t au mois d\u2019ao\u00fbt, quand elle s\u2019\u00e9l\u00e8vera \u00e0 60 m\u00e8tres de hauteur dans le ciel de <a href=\"https:\/\/fr.news.yahoo.com\/tentative-d-enl%C3%A8vement-%C3%A0-paris-090344970.html\" data-ylk=\"slk:Paris;elm:context_link;itc:0;sec:content-canvas;outcm:mb_qualified_link;_E:mb_qualified_link;ct:story;\" class=\"link  yahoo-link\" target=\"_blank\" rel=\"noopener\">Paris<\/a>.<\/p>\n<p>250\u00a0jours de service au total<\/p>\n<p>\u00ab\u00a0R\u00e9installation p\u00e9renne mais pas compl\u00e8tement, c\u2019est la meilleure option qu\u2019on pouvait trouver\u00a0\u00bb, s\u2019est r\u00e9joui le cr\u00e9ateur de la vasque, aussi designer de la torche olympique, Mathieu Lehanneur.<\/p>\n<p>La flamme est toujours \u00ab\u00a0100\u00a0% \u00e9lectrique\u00a0\u00bb, avec projecteurs Led et brumisateurs, a ajout\u00e9 Pierre Viriot, directeur de la communication d\u2019EDF. Mais contrairement \u00e0 l\u2019ann\u00e9e derni\u00e8re, elle sera \u00e9teinte la nuit.<\/p>\n<p>Mathieu Gobbi, directeur g\u00e9n\u00e9ral de la soci\u00e9t\u00e9 A\u00e9rophile\u00a0qui a pilot\u00e9 l\u2019engin avec les \u00e9quipes chaque soir l\u2019\u00e9t\u00e9 dernier, pr\u00e9vient qu\u2019il y aura un peu moins de suspens cette ann\u00e9e. Le site vasqueparis2024.fr pr\u00e9viendra du programme et d\u2019\u00e9ventuels al\u00e9as m\u00e9t\u00e9o.<\/p>\n<p>La reconstruction du ballon et de l\u2019anneau, et son fonctionnement pendant trois \u00e9t\u00e9s, sont financ\u00e9s par le comit\u00e9 d\u2019organisation des JO et EDF, a pr\u00e9cis\u00e9 Marc Guillaume, pr\u00e9fet de la r\u00e9gion \u00cele-de-France. Cette nouvelle version de la vasque co\u00fbte 2,5\u00a0millions d\u2019euros, et son fonctionnement 2,5\u00a0millions d\u2019euros par \u00e9t\u00e9 pour 250 jours de service au total. Son installation d\u00e9butera fin mai.<\/p>\n<p><strong>\u00c0 voir \u00e9galement sur Le HuffPost\u00a0:<\/strong><\/p>\n<p><a href=\"https:\/\/fr.news.yahoo.com\/jeux-olympiques-los-angeles-2028-094317535.html\" data-ylk=\"slk:Les Jeux Olympiques de Los Angeles 2028 entrent d\u00e9j\u00e0 dans l\u2019histoire avec ces nouvelles \u00e9preuves;elm:context_link;itc:0;sec:content-canvas;outcm:mb_qualified_link;_E:mb_qualified_link;ct:story;\" class=\"link  yahoo-link\" target=\"_blank\" rel=\"noopener\"> Les Jeux Olympiques de Los Angeles 2028 entrent d\u00e9j\u00e0 dans l\u2019histoire avec ces nouvelles \u00e9preuves <\/a><\/p>\n<p><a href=\"https:\/\/fr.news.yahoo.com\/marathon-paris-courir-p%C3%A9riph%C3%A9rique-2026-050012734.html\" data-ylk=\"slk:Marathon de Paris\u00a0: \u00ab\u00a0Courir le p\u00e9riph\u00e9rique en 2026 pour inventer de nouveaux imaginaires\u00a0\u00bb - TRIBUNE;elm:context_link;itc:0;sec:content-canvas;outcm:mb_qualified_link;_E:mb_qualified_link;ct:story;\" class=\"link  yahoo-link\" target=\"_blank\" rel=\"noopener\"> Marathon de Paris\u00a0: \u00ab\u00a0Courir le p\u00e9riph\u00e9rique en 2026 pour inventer de nouveaux imaginaires\u00a0\u00bb &#8211; TRIBUNE <\/a><\/p>\n","protected":false},"excerpt":{"rendered":"PARIS &#8211; Les nostalgiques des JO de Paris vont \u00eatre ravis. Pendant les trois prochains \u00e9t\u00e9s, la vasque&hellip;\n","protected":false},"author":2,"featured_media":102646,"comment_status":"","ping_status":"","sticky":false,"template":"","format":"standard","meta":{"footnotes":""},"categories":[1888],"tags":[1111,1928,11,1927,15231,1777,674,1011,27,21406,17257,12,1926,626,1925,12227,25],"class_list":{"0":"post-102645","1":"post","2":"type-post","3":"status-publish","4":"format-standard","5":"has-post-thumbnail","7":"category-paris","8":"tag-actu","9":"tag-actu-paris","10":"tag-actualites","11":"tag-actualites-paris","12":"tag-directeur-de-la-communication","13":"tag-eu","14":"tag-europe","15":"tag-fr","16":"tag-france","17":"tag-jardin-des-tuileries","18":"tag-mathieu-lehanneur","19":"tag-news","20":"tag-news-paris","21":"tag-paris","22":"tag-paris-news","23":"tag-region-ile-de-france","24":"tag-republique-francaise"},"share_on_mastodon":{"url":"https:\/\/pubeurope.com\/@fr\/114513468634284580","error":""},"_links":{"self":[{"href":"https:\/\/www.europesays.com\/fr\/wp-json\/wp\/v2\/posts\/102645","targetHints":{"allow":["GET"]}}],"collection":[{"href":"https:\/\/www.europesays.com\/fr\/wp-json\/wp\/v2\/posts"}],"about":[{"href":"https:\/\/www.europesays.com\/fr\/wp-json\/wp\/v2\/types\/post"}],"author":[{"embeddable":true,"href":"https:\/\/www.europesays.com\/fr\/wp-json\/wp\/v2\/users\/2"}],"replies":[{"embeddable":true,"href":"https:\/\/www.europesays.com\/fr\/wp-json\/wp\/v2\/comments?post=102645"}],"version-history":[{"count":0,"href":"https:\/\/www.europesays.com\/fr\/wp-json\/wp\/v2\/posts\/102645\/revisions"}],"wp:featuredmedia":[{"embeddable":true,"href":"https:\/\/www.europesays.com\/fr\/wp-json\/wp\/v2\/media\/102646"}],"wp:attachment":[{"href":"https:\/\/www.europesays.com\/fr\/wp-json\/wp\/v2\/media?parent=102645"}],"wp:term":[{"taxonomy":"category","embeddable":true,"href":"https:\/\/www.europesays.com\/fr\/wp-json\/wp\/v2\/categories?post=102645"},{"taxonomy":"post_tag","embeddable":true,"href":"https:\/\/www.europesays.com\/fr\/wp-json\/wp\/v2\/tags?post=102645"}],"curies":[{"name":"wp","href":"https:\/\/api.w.org\/{rel}","templated":true}]}}