{"id":102653,"date":"2025-05-15T19:23:08","date_gmt":"2025-05-15T19:23:08","guid":{"rendered":"https:\/\/www.europesays.com\/fr\/102653\/"},"modified":"2025-05-15T19:23:08","modified_gmt":"2025-05-15T19:23:08","slug":"leon-xiv-et-macron-ont-parle-paix-a-gaza-et-en-ukraine-au-telephone","status":"publish","type":"post","link":"https:\/\/www.europesays.com\/fr\/102653\/","title":{"rendered":"L\u00e9on XIV et Macron ont parl\u00e9 paix \u00e0 Gaza et en Ukraine au t\u00e9l\u00e9phone"},"content":{"rendered":"<p><strong>prix Nobel &#8211; Premier \u00e9change entre Emmanuel Macron et le nouveau pape L\u00e9on XIV, dans lequel a \u00e9t\u00e9 \u00e9voqu\u00e9e \u00ab\u00a0la paix \u00e0 Gaza et en Ukraine\u00a0\u00bb<\/strong><\/p>\n<p>Pour la premi\u00e8re fois depuis sa prise de fonction, le <a href=\"https:\/\/www.20minutes.fr\/monde\/pape-leon-xiv\/?at_medium=RSS%20feed&amp;at_campaign=ynews&amp;utm_source=yahoo&amp;utm_medium=rss&amp;utm_campaign=news_feed&amp;utm_content=in_article_link\" rel=\"nofollow noopener\" target=\"_blank\" data-ylk=\"slk:pape L\u00e9on XIV;elm:context_link;itc:0;sec:content-canvas\" class=\"link \">pape L\u00e9on XIV<\/a> a parl\u00e9 avec <a href=\"https:\/\/www.20minutes.fr\/politique\/emmanuel-macron\/?at_medium=RSS%20feed&amp;at_campaign=ynews&amp;utm_source=yahoo&amp;utm_medium=rss&amp;utm_campaign=news_feed&amp;utm_content=in_article_link\" rel=\"nofollow noopener\" target=\"_blank\" data-ylk=\"slk:Emmanuel Macron;elm:context_link;itc:0;sec:content-canvas\" class=\"link \">Emmanuel Macron<\/a> au t\u00e9l\u00e9phone ce jeudi. Un moment d\u2019\u00e9change o\u00f9 les deux hommes ont \u00e9voqu\u00e9 \u00ab\u00a0les efforts \u00e0 mener pour faire taire les armes partout o\u00f9 les conflits s\u00e9vissent dans le monde, en particulier pour une paix solide et durable en <a href=\"https:\/\/www.20minutes.fr\/monde\/ukraine\/?at_medium=RSS%20feed&amp;at_campaign=ynews&amp;utm_source=yahoo&amp;utm_medium=rss&amp;utm_campaign=news_feed&amp;utm_content=in_article_link\" rel=\"nofollow noopener\" target=\"_blank\" data-ylk=\"slk:Ukraine;elm:context_link;itc:0;sec:content-canvas\" class=\"link \">Ukraine <\/a>et \u00e0 <a href=\"https:\/\/www.20minutes.fr\/monde\/gaza\/?at_medium=RSS%20feed&amp;at_campaign=ynews&amp;utm_source=yahoo&amp;utm_medium=rss&amp;utm_campaign=news_feed&amp;utm_content=in_article_link\" rel=\"nofollow noopener\" target=\"_blank\" data-ylk=\"slk:Gaza\u00a0;elm:context_link;itc:0;sec:content-canvas\" class=\"link \">Gaza\u00a0<\/a>\u00bb.<\/p>\n<p>\u00ab\u00a0Nous partageons l\u2019ambition de concilier lutte contre la pauvret\u00e9 et protection de la plan\u00e8te\u00a0\u00bb, a ajout\u00e9 le chef de l\u2019Etat fran\u00e7ais dans un message publi\u00e9 sur X. Emmanuel Macron a dit avoir \u00ab\u00a0de nouveau f\u00e9licit\u00e9\u00a0\u00bb le souverain pontife pour son \u00e9lection la semaine derni\u00e8re. \u00ab\u00a0La France sera toujours aux c\u00f4t\u00e9s de ceux qui \u0153uvrent pour la paix, et le dialogue entre les peuples\u00a0\u00bb, a conclu le pr\u00e9sident.<\/p>\n<blockquote placeholder=\"\" data-theme=\"light\" class=\"twitter-tweet\">\n<p>J\u2019ai pu \u00e9changer pour la premi\u00e8re fois avec le Pape L\u00e9on XIV. Je l\u2019ai de nouveau f\u00e9licit\u00e9 pour son \u00e9lection.<\/p>\n<p>Nous avons abord\u00e9 les efforts \u00e0 mener pour faire taire les armes partout o\u00f9 les conflits s\u00e9vissent dans le monde,\u2026 <a href=\"https:\/\/t.co\/bn7BAMY1S8\" rel=\"nofollow noopener\" target=\"_blank\" data-ylk=\"slk:pic.twitter.com\/bn7BAMY1S8;elm:context_link;itc:0;sec:content-canvas\" class=\"link \">pic.twitter.com\/bn7BAMY1S8<\/a><\/p>\n<p>\u2014 Emmanuel Macron (@EmmanuelMacron) <a href=\"https:\/\/twitter.com\/EmmanuelMacron\/status\/1923062816208191532?ref_src=twsrc%5Etfw\" rel=\"nofollow noopener\" target=\"_blank\" data-ylk=\"slk:May 15, 2025;elm:context_link;itc:0;sec:content-canvas\" class=\"link \">May 15, 2025<\/a><\/p>\n<\/blockquote>\n<p><a href=\"https:\/\/www.20minutes.fr\/monde\/pape-leon-xiv\/\" rel=\"nofollow noopener\" target=\"_blank\" data-ylk=\"slk:Notre dossier sur le nouveau pape;elm:context_link;itc:0;sec:content-canvas\" class=\"link \">Notre dossier sur le nouveau pape<\/a><\/p>\n<p>S\u2019il n\u2019est pas pr\u00e9vu qu\u2019il se rende \u00e0 sa messe inaugurale dimanche matin \u00e0 Rome, le Premier ministre, Fran\u00e7ois Bayrou doit pour sa part y assister, aux c\u00f4t\u00e9s de nombreux dirigeants \u00e9trangers.<\/p>\n<p><a href=\"https:\/\/www.20minutes.fr\/monde\/ukraine\/4153775-20250515-leon-xiv-macron-parle-paix-gaza-ukraine-telephone?at_medium=RSS%20feed&amp;at_campaign=ynews&amp;utm_source=yahoo&amp;utm_medium=rss&amp;utm_campaign=news_feed&amp;utm_content=read_more_link&quot;\" rel=\"nofollow noopener\" target=\"_blank\" data-ylk=\"slk:Lire la suite sur 20minutes;elm:context_link;itc:0;sec:content-canvas\" class=\"link \">Lire la suite sur 20minutes<\/a><\/p>\n<p>\u00c0 lire aussi :<br \/><a href=\"https:\/\/www.20minutes.fr\/monde\/ukraine\/4152785-20250511-pape-leon-xiv-appelle-cessez-feu-gaza-liberation-otages-paix-ukraine-lors-premiere-messe?at_medium=RSS%20feed&amp;at_campaign=ynews&amp;utm_source=yahoo&amp;utm_medium=rss&amp;utm_campaign=news_feed&amp;utm_content=related_content_link\" rel=\"nofollow noopener\" target=\"_blank\" data-ylk=\"slk:Le pape L\u00e9on XIV appelle \u00e0 un cessez-le-feu \u00e0 Gaza, la lib\u00e9ration des otages et la paix en Ukraine lors de sa premi\u00e8re messe;elm:context_link;itc:0;sec:content-canvas\" class=\"link \">Le pape L\u00e9on XIV appelle \u00e0 un cessez-le-feu \u00e0 Gaza, la lib\u00e9ration des otages et la paix en Ukraine lors de sa premi\u00e8re messe<\/a><br \/><a href=\"https:\/\/www.20minutes.fr\/monde\/4153765-20250515-gaza-plus-centaine-morts-nouveaux-bombardements-israeliens?at_medium=RSS%20feed&amp;at_campaign=ynews&amp;utm_source=yahoo&amp;utm_medium=rss&amp;utm_campaign=news_feed&amp;utm_content=related_content_link\" rel=\"nofollow noopener\" target=\"_blank\" data-ylk=\"slk:Gaza\u00a0: Plus d\u2019une centaine de morts dans de nouveaux bombardements isra\u00e9liens;elm:context_link;itc:0;sec:content-canvas\" class=\"link \">Gaza\u00a0: Plus d\u2019une centaine de morts dans de nouveaux bombardements isra\u00e9liens<\/a><\/p>\n<p><script async src=\"https:\/\/platform.twitter.com\/widgets.js\" charset=\"utf-8\"><\/script><\/p>\n","protected":false},"excerpt":{"rendered":"prix Nobel &#8211; Premier \u00e9change entre Emmanuel Macron et le nouveau pape L\u00e9on XIV, dans lequel a \u00e9t\u00e9&hellip;\n","protected":false},"author":2,"featured_media":102654,"comment_status":"","ping_status":"","sticky":false,"template":"","format":"standard","meta":{"footnotes":""},"categories":[1590],"tags":[11,1073,1777,674,665,15444,21875,12,220],"class_list":{"0":"post-102653","1":"post","2":"type-post","3":"status-publish","4":"format-standard","5":"has-post-thumbnail","7":"category-ukraine","8":"tag-actualites","9":"tag-emmanuel-macron","10":"tag-eu","11":"tag-europe","12":"tag-gaza","13":"tag-la-paix","14":"tag-le-pape-leon-xiv","15":"tag-news","16":"tag-ukraine"},"share_on_mastodon":{"url":"https:\/\/pubeurope.com\/@fr\/114513484428017383","error":""},"_links":{"self":[{"href":"https:\/\/www.europesays.com\/fr\/wp-json\/wp\/v2\/posts\/102653","targetHints":{"allow":["GET"]}}],"collection":[{"href":"https:\/\/www.europesays.com\/fr\/wp-json\/wp\/v2\/posts"}],"about":[{"href":"https:\/\/www.europesays.com\/fr\/wp-json\/wp\/v2\/types\/post"}],"author":[{"embeddable":true,"href":"https:\/\/www.europesays.com\/fr\/wp-json\/wp\/v2\/users\/2"}],"replies":[{"embeddable":true,"href":"https:\/\/www.europesays.com\/fr\/wp-json\/wp\/v2\/comments?post=102653"}],"version-history":[{"count":0,"href":"https:\/\/www.europesays.com\/fr\/wp-json\/wp\/v2\/posts\/102653\/revisions"}],"wp:featuredmedia":[{"embeddable":true,"href":"https:\/\/www.europesays.com\/fr\/wp-json\/wp\/v2\/media\/102654"}],"wp:attachment":[{"href":"https:\/\/www.europesays.com\/fr\/wp-json\/wp\/v2\/media?parent=102653"}],"wp:term":[{"taxonomy":"category","embeddable":true,"href":"https:\/\/www.europesays.com\/fr\/wp-json\/wp\/v2\/categories?post=102653"},{"taxonomy":"post_tag","embeddable":true,"href":"https:\/\/www.europesays.com\/fr\/wp-json\/wp\/v2\/tags?post=102653"}],"curies":[{"name":"wp","href":"https:\/\/api.w.org\/{rel}","templated":true}]}}