{"id":1026547,"date":"2026-06-26T20:48:44","date_gmt":"2026-06-26T20:48:44","guid":{"rendered":"https:\/\/www.europesays.com\/fr\/1026547\/"},"modified":"2026-06-26T20:48:44","modified_gmt":"2026-06-26T20:48:44","slug":"canicule-le-concert-dorelsan-a-chambord-annule-ce-vendredi-mais-maintenu-samedi-a-nancy-2","status":"publish","type":"post","link":"https:\/\/www.europesays.com\/fr\/1026547\/","title":{"rendered":"Canicule : Le concert d\u2019Orelsan \u00e0 Chambord annul\u00e9 ce vendredi, mais maintenu samedi \u00e0 Nancy"},"content":{"rendered":"<p class=\"mb-4 text-lg md:leading-8 break-words\"><strong>chambord live &#8211; Le concert du rappeur Orelsan pr\u00e9vu vendredi soir au Ch\u00e2teau de Chambord a \u00e9t\u00e9 annul\u00e9 sur d\u00e9cision pr\u00e9fectorale en raison de la canicule<\/strong><\/p>\n<p class=\"mb-4 text-lg md:leading-8 break-words\">Le concert d\u2019<a href=\"https:\/\/www.20minutes.fr\/culture\/orelsan\/?at_medium=RSS%20feed&amp;at_campaign=ynews&amp;utm_source=yahoo&amp;utm_medium=rss&amp;utm_campaign=news_feed&amp;utm_content=in_article_link\" rel=\"nofollow noopener\" target=\"_blank\" data-ylk=\"elm:link;elmt:article_link;slk:Orelsan;itc:0;sec:content-canvas\" data-yga=\"{&quot;yLinkElement&quot;:&quot;context_link&quot;,&quot;yModuleName&quot;:&quot;content-canvas&quot;,&quot;yLinkText&quot;:&quot;Orelsan&quot;}\" class=\"link \">Orelsan<\/a> pr\u00e9vu ce vendredi soir au Ch\u00e2teau de Chambord a \u00e9t\u00e9 annul\u00e9 sur d\u00e9cision pr\u00e9fectorale en raison de la canicule, a annonc\u00e9 le Domaine national de Chambord, mais le rappeur pourra se produire le jour suivant \u00e0 <a href=\"https:\/\/www.20minutes.fr\/dossier\/nancy?at_medium=RSS%20feed&amp;at_campaign=ynews&amp;utm_source=yahoo&amp;utm_medium=rss&amp;utm_campaign=news_feed&amp;utm_content=in_article_link\" rel=\"nofollow noopener\" target=\"_blank\" data-ylk=\"elm:link;elmt:article_link;slk:Nancy;itc:0;sec:content-canvas\" data-yga=\"{&quot;yLinkElement&quot;:&quot;context_link&quot;,&quot;yModuleName&quot;:&quot;content-canvas&quot;,&quot;yLinkText&quot;:&quot;Nancy&quot;}\" class=\"link \">Nancy<\/a>.<\/p>\n<p class=\"mb-4 text-lg md:leading-8 break-words\">Le concert de vendredi soir du Chambord Live, o\u00f9 devait se produire Orelsan, a \u00e9t\u00e9 annul\u00e9 par le pr\u00e9fet, \u00ab en concertation avec le directeur g\u00e9n\u00e9ral du Domaine national de Chambord et AZ Prod organisateur de l\u2019\u00e9v\u00e9nement \u00bb, pr\u00e9cise dans un communiqu\u00e9 le Domaine.<\/p>\n<p>\u00ab Un dispositif sanitaire renforc\u00e9 \u00bb<\/p>\n<p class=\"mb-4 text-lg md:leading-8 break-words\">Cette d\u00e9cision intervient en raison du placement en vigilance rouge canicule du d\u00e9partement du Loir-et-Cher depuis le 21 juin, mais aussi du \u00ab contexte national d\u2019annulation en cascade d\u2019\u00e9v\u00e9nements culturels en plein air \u00bb, est-il ajout\u00e9. Les spectateurs d\u00e9tenteurs de billets pour ce vendredi au ch\u00e2teau de Chambord seront inform\u00e9s prochainement des modalit\u00e9s de remboursement.<\/p>\n<p class=\"mb-4 text-lg md:leading-8 break-words\">Le concert d\u2019Orelsan pr\u00e9vu samedi soir dans le cadre du festival Nancy Open air est en revanche maintenu, a annonc\u00e9 la pr\u00e9fecture de Meurthe-et-Moselle, d\u00e9partement \u00e9galement touch\u00e9 par l\u2019\u00e9pisode de vigilance rouge canicule.<\/p>\n<p class=\"mb-4 text-lg md:leading-8 break-words\">\u00ab L\u2019organisateur a fortement renforc\u00e9 le dispositif sanitaire et logistique d\u00e9ploy\u00e9 afin de permettre l\u2019accueil des 16.000 spectateurs attendus \u00bb, indique la pr\u00e9fecture. Le concert, pr\u00e9vu \u00e0 21h30, a \u00e9t\u00e9 d\u00e9cal\u00e9 \u00e0 22h15, l\u2019\u00e9v\u00e9nement sera \u00ab 100 % sans alcool \u00bb et de l\u2019eau sera distribu\u00e9e gratuitement sur le site du festival, o\u00f9 des brumisateurs seront install\u00e9s.<\/p>\n<p class=\"mb-4 text-lg md:leading-8 break-words\">(&#8230;)<\/p>\n<p class=\"mb-4 text-lg md:leading-8 break-words\"><a href=\"https:\/\/www.20minutes.fr\/arts-stars\/culture\/musique\/4231460-20260626-canicule-concert-orelsan-chambord-annule-vendredi-maintenu-samedi-nancy?at_medium=RSS%20feed&amp;at_campaign=ynews&amp;utm_source=yahoo&amp;utm_medium=rss&amp;utm_campaign=news_feed&amp;utm_content=read_more_link&quot;\" rel=\"nofollow noopener\" target=\"_blank\" data-ylk=\"elm:link;elmt:article_link;slk:Lire la suite sur 20minutes;itc:0;sec:content-canvas\" data-yga=\"{&quot;yLinkElement&quot;:&quot;context_link&quot;,&quot;yModuleName&quot;:&quot;content-canvas&quot;,&quot;yLinkText&quot;:&quot;Lire la suite sur 20minutes&quot;}\" class=\"link \">Lire la suite sur 20minutes<\/a><\/p>\n<p>\u00c0 lire aussi :<br \/><a href=\"https:\/\/www.20minutes.fr\/arts-stars\/culture\/4231367-20260626-solidays-2026-organisateurs-annoncent-annulation-festival-cause-canicule?at_medium=RSS%20feed&amp;at_campaign=ynews&amp;utm_source=yahoo&amp;utm_medium=rss&amp;utm_campaign=news_feed&amp;utm_content=related_content_link\" rel=\"nofollow noopener\" target=\"_blank\" data-ylk=\"elm:link;elmt:article_link;slk:Solidays 2026 : Les organisateurs annoncent l\u2019annulation du festival \u00e0 cause de la canicule;itc:0;sec:content-canvas\" data-yga=\"{&quot;yLinkElement&quot;:&quot;context_link&quot;,&quot;yModuleName&quot;:&quot;content-canvas&quot;,&quot;yLinkText&quot;:&quot;Solidays 2026 &quot;}\" class=\"link \">Solidays 2026 : Les organisateurs annoncent l\u2019annulation du festival \u00e0 cause de la canicule<\/a><br \/><a href=\"https:\/\/www.20minutes.fr\/arts-stars\/culture\/musique\/4214826-20260324-theodora-gims-katy-perry-quoi-ressemble-programmation-festivals-2026?at_medium=RSS%20feed&amp;at_campaign=ynews&amp;utm_source=yahoo&amp;utm_medium=rss&amp;utm_campaign=news_feed&amp;utm_content=related_content_link\" rel=\"nofollow noopener\" target=\"_blank\" data-ylk=\"elm:link;elmt:article_link;slk:Th\u00e9odora, Gims, Katy Perry\u2026 A quoi ressemble la programmation des festivals en 2026 ?;itc:0;sec:content-canvas\" data-yga=\"{&quot;yLinkElement&quot;:&quot;context_link&quot;,&quot;yModuleName&quot;:&quot;content-canvas&quot;,&quot;yLinkText&quot;:&quot;Th\u00e9odora, Gims, Katy Perry\u2026 A quoi ressemble la programmation des festivals en 2026 ?&quot;}\" class=\"link \">Th\u00e9odora, Gims, Katy Perry\u2026 A quoi ressemble la programmation des festivals en 2026 ?<\/a><\/p>\n","protected":false},"excerpt":{"rendered":"chambord live &#8211; Le concert du rappeur Orelsan pr\u00e9vu vendredi soir au Ch\u00e2teau de Chambord a \u00e9t\u00e9 annul\u00e9&hellip;\n","protected":false},"author":2,"featured_media":1026548,"comment_status":"","ping_status":"","sticky":false,"template":"","format":"standard","meta":{"footnotes":"","_share_on_mastodon":"0"},"categories":[9635],"tags":[1111,11,23958,23960,1697,103752,1777,674,1011,27,775,1702,12,21953,25],"class_list":["post-1026547","post","type-post","status-publish","format-standard","has-post-thumbnail","category-nancy","tag-actu","tag-actualites","tag-chambord","tag-chateau-de-chambord","tag-concert","tag-domaine-national","tag-eu","tag-europe","tag-fr","tag-france","tag-grand-est","tag-nancy","tag-news","tag-orelsan","tag-republique-francaise"],"share_on_mastodon":{"url":"https:\/\/pubeurope.com\/@fr\/116818379168113586","error":""},"_links":{"self":[{"href":"https:\/\/www.europesays.com\/fr\/wp-json\/wp\/v2\/posts\/1026547","targetHints":{"allow":["GET"]}}],"collection":[{"href":"https:\/\/www.europesays.com\/fr\/wp-json\/wp\/v2\/posts"}],"about":[{"href":"https:\/\/www.europesays.com\/fr\/wp-json\/wp\/v2\/types\/post"}],"author":[{"embeddable":true,"href":"https:\/\/www.europesays.com\/fr\/wp-json\/wp\/v2\/users\/2"}],"replies":[{"embeddable":true,"href":"https:\/\/www.europesays.com\/fr\/wp-json\/wp\/v2\/comments?post=1026547"}],"version-history":[{"count":0,"href":"https:\/\/www.europesays.com\/fr\/wp-json\/wp\/v2\/posts\/1026547\/revisions"}],"wp:featuredmedia":[{"embeddable":true,"href":"https:\/\/www.europesays.com\/fr\/wp-json\/wp\/v2\/media\/1026548"}],"wp:attachment":[{"href":"https:\/\/www.europesays.com\/fr\/wp-json\/wp\/v2\/media?parent=1026547"}],"wp:term":[{"taxonomy":"category","embeddable":true,"href":"https:\/\/www.europesays.com\/fr\/wp-json\/wp\/v2\/categories?post=1026547"},{"taxonomy":"post_tag","embeddable":true,"href":"https:\/\/www.europesays.com\/fr\/wp-json\/wp\/v2\/tags?post=1026547"}],"curies":[{"name":"wp","href":"https:\/\/api.w.org\/{rel}","templated":true}]}}