{"id":102665,"date":"2025-05-15T19:29:12","date_gmt":"2025-05-15T19:29:12","guid":{"rendered":"https:\/\/www.europesays.com\/fr\/102665\/"},"modified":"2025-05-15T19:29:12","modified_gmt":"2025-05-15T19:29:12","slug":"en-direct-presidence-lr-je-suis-favorable-au-referendum-pour-le-pays-je-veux-lappliquer-aussi-pour-le-parti-dit-retailleau","status":"publish","type":"post","link":"https:\/\/www.europesays.com\/fr\/102665\/","title":{"rendered":"EN DIRECT &#8211; Pr\u00e9sidence LR : \u00ab\u00a0Je suis favorable au r\u00e9f\u00e9rendum pour le pays, je veux l&rsquo;appliquer aussi pour le parti\u00a0\u00bb, dit Retailleau"},"content":{"rendered":"<p>Le vote d\u00e9cisif pour la pr\u00e9sidence des R\u00e9publicains est organis\u00e9 ce week-end.\u00c0 la veille de la cl\u00f4ture de la campagne, Bruno Retailleau puis Laurent Wauquiez r\u00e9pondent aux questions de Darius Rochebin ce jeudi 15 mai \u00e0 partir de 20h40.Un \u00e9v\u00e9nement \u00e0 suivre sur LCI et dans notre direct.Minute par minute21:23&Prime;LA FRANCE PENCHE \u00c0 DROITE\u00a0\u00bb<\/p>\n<p>Bruno Retailleau dit d\u00e9fendre des \u00ab\u00a0convictions fortes\u00a0\u00bb, qui sont \u00ab\u00a0les convictions d&rsquo;une grande partie de la France, parce que la France penche \u00e0 droite\u00a0\u00bb, estime-t-il.\u00a0<\/p>\n<p>21:18PR\u00c9SIDENTIELLE DE 2027<\/p>\n<p>Interrog\u00e9 sur une \u00e9ventuelle candidature \u00e0 l&rsquo;\u00e9lection pr\u00e9sidentielle de 2027, Bruno Retailleau botte en touche. Le candidat \u00e0 la pr\u00e9sidence des R\u00e9publicains r\u00e9it\u00e8re son intention de laisser les adh\u00e9rents LR d\u00e9cider du choix de leur candidat pour ce scrutin. \u00ab\u00a0Ils prendront la d\u00e9cision (&#8230;) Il y aura un vote parce que je veux faire de ce parti un parti populaire. La seule fa\u00e7on de le rendre populaire, c&rsquo;est que les gens sentent qu&rsquo;ils ont un int\u00e9r\u00eat dans la d\u00e9cision. Donc c&rsquo;est eux qui voteront pour celle ou celui qui nous repr\u00e9sentera \u00e0 l&rsquo;\u00e9lection pr\u00e9sidentielle\u00a0\u00bb, d\u00e9taille-t-il.\u00a0<\/p>\n<p>21:13&Prime;FAIRE BAISSER L&rsquo;IMMIGRATION\u00a0\u00bb<\/p>\n<p>Bruno Retailleau entend \u00ab\u00a0lutter contre l&rsquo;immigration ill\u00e9gale\u00a0\u00bb mais aussi \u00ab\u00a0faire baisser l&rsquo;immigration\u00a0\u00bb. \u00ab\u00a0Nous avons en France, de tous les pays d&rsquo;Europe pratiquement, l&rsquo;immigration qui est la moins professionnelle, qui est la moins qualifi\u00e9e\u00a0\u00bb, estime le ministre de l&rsquo;Int\u00e9rieur, candidat \u00e0 la pr\u00e9sidence du parti Les R\u00e9publicains.\u00a0<\/p>\n<p>21:09UNE ENTR\u00c9E AU GOUVERNEMENT D\u00c9CID\u00c9E \u00ab\u00a0COLLECTIVEMENT\u00a0\u00bb<\/p>\n<p>Bruno Retailleau assume sa participation au gouvernement du centriste Fran\u00e7ois Bayrou, avec d&rsquo;autres coll\u00e8gues issus des R\u00e9publicains. \u00ab\u00a0C&rsquo;est collectivement qu&rsquo;on a d\u00e9cid\u00e9 d&rsquo;entrer dans un gouvernement\u00a0\u00bb, dit-il. \u00ab\u00a0Parce que si la droite fran\u00e7aise avait dit non au pr\u00e9sident de la R\u00e9publique, la r\u00e9alit\u00e9, c&rsquo;\u00e9tait quoi ? La r\u00e9alit\u00e9, c&rsquo;est qu&rsquo;on obligeait le pr\u00e9sident de la R\u00e9publique \u00e0 nommer la gauche m\u00e9lenchoniste\u00a0\u00bb, poursuit le ministre de l&rsquo;Int\u00e9rieur. Or, selon lui, \u00ab\u00a0quand on est de droite, quand on aime son pays, on fait barrage \u00e0 cette gauche-l\u00e0 qui n&rsquo;est plus r\u00e9publicaine\u00a0\u00bb.<\/p>\n<p>21:05DONALD TRUMP<\/p>\n<p>Interrog\u00e9 sur Donald Trump, Bruno Retailleau pense que le pr\u00e9sident am\u00e9ricain \u00ab\u00a0est une mauvaise r\u00e9ponse \u00e0 de bonnes questions\u00a0\u00bb. Il s&rsquo;explique : \u00ab\u00a0Les bonnes questions, c&rsquo;est par exemple &lsquo;comment et qui gouverne dans un pays ?&rsquo; &lsquo;Comment revenir \u00e0 la souverainet\u00e9 populaire ?&rsquo; &lsquo;Comment \u00e9couter mieux le peuple et non pas les minorit\u00e9s, le wokisme, la tyrannie des minorit\u00e9s ?'\u00a0\u00bb<\/p>\n<p>21:02&Prime;RENDRE LE PARTI AUX MILITANTS\u00a0\u00bb<\/p>\n<p>Sur LCI, Bruno Retailleau dit avoir \u00ab\u00a0appris \u00e0 mieux conna\u00eetre les militants\u00a0\u00bb des R\u00e9publicains. \u00ab\u00a0Je sais qu&rsquo;aujourd&rsquo;hui, ils trouvent que finalement, notre parti s&rsquo;est rabougri sur lui-m\u00eame. Ce sont des chapeaux \u00e0 plumes\u00a0\u00bb, regrette le ministre. \u00ab\u00a0Je veux rendre notre parti aux militants. Comment ? Tout simplement en leur mettant dans les mains nos d\u00e9cisions par le r\u00e9f\u00e9rendum interne\u00a0\u00bb, explique-t-il. \u00ab\u00a0Je suis favorable au r\u00e9f\u00e9rendum pour le pays. Je veux l&rsquo;appliquer aussi pour le parti, afin que les militants puissent trancher toutes les grandes d\u00e9cisions.\u00a0\u00bb \u00a0<\/p>\n<p>20:58RETAILLEAU N&rsquo;A \u00ab\u00a0PAS LA M\u00caME PERSONNALIT\u00c9\u00a0\u00bb QUE WAUQUIEZ<\/p>\n<p>Bruno Retailleau ne souhaite pas attaquer son adversaire \u00e0 la pr\u00e9sidence des R\u00e9publicains, Laurent Wauquiez. \u00ab\u00a0C&rsquo;est heureux qu&rsquo;on ait des convictions et des lignes qui sont voisines, mais je n&rsquo;ai pas la m\u00eame personnalit\u00e9\u00a0\u00bb, indique seulement le ministre de l&rsquo;Int\u00e9rieur.\u00a0<\/p>\n<p>20:54RETAILLEAU D\u00c9FEND SES \u00ab\u00a0R\u00c9SULTATS\u00a0\u00bb<\/p>\n<p>Bruno Retailleau d\u00e9fend son bilan au minist\u00e8re de l&rsquo;Int\u00e9rieur, alors que son rival Laurent Wauquiez le critique en d\u00e9plorant un manque de r\u00e9sultats. \u00ab\u00a0Les r\u00e9sultats, on en a\u00a0\u00bb, assure le ministre. \u00ab\u00a0J&rsquo;agis par des actes, depuis quelques semaines, quelques mois\u00a0\u00bb, poursuit-il. Il donne un exemple : \u00ab\u00a0J&rsquo;ai pris une circulaire sur la naturalisation pour durcir les crit\u00e8res de la naturalisation et remettre dans le d\u00e9bat la politique d&rsquo;assimilation.\u00a0\u00bb<\/p>\n<p>20:50PAS DE D\u00c9PART DU GOUVERNEMENT SAUF SI&#8230;<\/p>\n<p>Le ministre de l&rsquo;Int\u00e9rieur Bruno Retailleau pourrait quitter le gouvernement dans deux cas : si ses \u00ab\u00a0convictions \u00e9taient bless\u00e9es et atteintes\u00a0\u00bb ou si ce qu&rsquo;il \u00ab\u00a0consid\u00e8re comme des int\u00e9r\u00eats fondamentaux de notre nation seraient atteints\u00a0\u00bb.\u00a0<\/p>\n<p>20:45R\u00c9F\u00c9RENDUM<\/p>\n<p>Bruno Retailleau se dit favorable \u00e0 un r\u00e9f\u00e9rendum \u00ab\u00a0sur la question migratoire\u00a0\u00bb. \u00ab\u00a0J&rsquo;ai toujours indiqu\u00e9 que je souhaitais que l&rsquo;on puisse y recourir beaucoup plus souvent. Je suis gaulliste et je pense qu&rsquo;il y a une crise de la d\u00e9mocratie. Il y a besoin que le peuple fran\u00e7ais s&rsquo;exprime, mais pas pour rien et pas sur des gadgets\u00a0\u00bb, indique-t-il sur LCI.<\/p>\n<p>20:42BRUNO RETAILLEAU<\/p>\n<p>Bruno Retailleau est le premier des deux candidats \u00e0 \u00eatre interrog\u00e9. Le ministre de l&rsquo;Int\u00e9rieur se dit \u00ab\u00a0enthousiaste, plein d&rsquo;\u00e9nergie et plein d&rsquo;espoir\u00a0\u00bb.\u00a0<\/p>\n<p>20:40D\u00c9BUT DE L&rsquo;\u00c9MISSION<\/p>\n<p>\u00c0 la veille de la cl\u00f4ture de la campagne pour la pr\u00e9sidence des R\u00e9publicains, Bruno Retailleau puis Laurent Wauquiez r\u00e9pondent aux questions de Darius Rochebin ce jeudi soir. Le ministre de l&rsquo;Int\u00e9rieur est le premier \u00e0 \u00eatre interrog\u00e9.\u00a0<\/p>\n<p>20:07UNE RELATION TENDUE<\/p>\n<p>Les adh\u00e9rents des R\u00e9publicains vont \u00e9lire leur nouveau pr\u00e9sident, samedi 17 et dimanche 18 mai.<\/p>\n<p>Le scrutin interne d\u00e9mat\u00e9rialis\u00e9 d\u00e9partagera deux visions de la droite et deux lignes incarn\u00e9es par Laurent Wauquiez et Bruno Retailleau. Un \u00ab\u00a0combat des chefs\u00a0\u00bb qui a fortement tendu les relations entre le chef des d\u00e9put\u00e9s LR et le ministre de l&rsquo;Int\u00e9rieur.<\/p>\n<p>Politique<img decoding=\"async\" src=\"https:\/\/www.europesays.com\/fr\/wp-content\/uploads\/2025\/05\/bruno-retailleau-laurent-wauquiez-novembre-2024-fa48cd-1@1x.jpeg\" alt=\"Bruno Retailleau et Laurent Wauquiez ensemble, le 22 novembre 2024.\" loading=\"lazy\" importance=\"low\" fetchpriority=\"low\" class=\"\" aria-hidden=\"true\"\/><\/p>\n<p>Publi\u00e9 aujourd&rsquo;hui \u00e0 16h44<\/p>\n<p>19:56D\u00c9ROUL\u00c9 DU SCRUTIN<\/p>\n<p>Les plus de 121.000 adh\u00e9rents \u00e0 jour de leur cotisation sont appel\u00e9s \u00e0 voter, samedi 17 et dimanche 18 mai, pour le nouveau pr\u00e9sident des R\u00e9publicains. Le scrutin d\u00e9mat\u00e9rialis\u00e9 doit permettre d&rsquo;arbitrer le duel entre Laurent Wauquiez et Bruno Retailleau. TF1info vous donne les modalit\u00e9s de cette \u00e9lection.<\/p>\n<p>Politique<img decoding=\"async\" src=\"https:\/\/www.europesays.com\/fr\/wp-content\/uploads\/2025\/05\/laurent-wauquiez-bruno-retailleau-2025-f1814f-2@1x.jpeg\" alt=\"Laurent Wauquiez et Bruno Retailleau ensemble, le 22 novembre 2024.\" loading=\"lazy\" importance=\"low\" fetchpriority=\"low\" class=\"\" aria-hidden=\"true\"\/><\/p>\n<p>Publi\u00e9 aujourd&rsquo;hui \u00e0 12h12<\/p>\n<p>19:48BONSOIR<\/p>\n<p>Bienvenue dans ce direct consacr\u00e9 \u00e0 la prochaine pr\u00e9sidence du parti des R\u00e9publicains. D\u00e8s samedi soir, les adh\u00e9rents LR seront invit\u00e9s \u00e0 voter. En amont de ce rendez-vous, Bruno Retailleau et Laurent Wauquiez r\u00e9pondent ce jeudi aux questions de Darius Rochebin d\u00e8s 20h40 sur LCI.<\/p>\n<p data-module=\"article-paragraph\" class=\"jsx-362436225 Paragraph\">Qui remportera la \u00ab\u00a0guerre des chefs\u00a0\u00bb ? Pr\u00e8s de 120.000 adh\u00e9rents Les R\u00e9publicains \u00e0 jour de cotisation sont appel\u00e9s \u00e0 voter ce week-end, <a href=\"https:\/\/www.tf1info.fr\/politique\/presidence-les-republicains-bruno-retailleau-ou-laurent-wauquiez-adherents-vote-electronique-comment-va-se-derouler-le-scrutin-pour-la-tete-de-lr-2370981.html\" target=\"_blank\" rel=\"noopener\">sous format \u00e9lectronique<\/a>, pour d\u00e9partager le ministre de l&rsquo;Int\u00e9rieur, Bruno Retailleau, et le patron des d\u00e9put\u00e9s LR, Laurent Wauquiez dans la course \u00e0 la pr\u00e9sidence du parti, \u00e9tape cruciale avant la pr\u00e9sidentielle de 2027.<\/p>\n<p data-module=\"article-paragraph\" class=\"jsx-362436225 Paragraph Paragraph__End\">Au terme de ce match sous haute tension et \u00e0 la veille de la cl\u00f4ture de la campagne, Bruno Retailleau et Laurent Wauquiez r\u00e9pondront tour \u00e0 tour \u00e0 Darius Rochebin, ce soir sur LCI, \u00e0 partir de 20h40. Budget, s\u00e9curit\u00e9, immigration, les deux hommes forts de la droite d\u00e9fendront leur vision dans la perspective de la course \u00e0 l&rsquo;\u00e9lection pr\u00e9sidentielle de 2027, dont l&rsquo;\u00e9lection \u00e0 la pr\u00e9sidence LR est une \u00e9tape cruciale.\u00a0<\/p>\n<p data-module=\"article-paragraph\" class=\"jsx-362436225 Paragraph Paragraph__End\"><strong>Bruno Retailleau et Laurent Wauquiez face \u00e0 Darius Rochebin, un \u00e9v\u00e9nement \u00e0 suivre sur LCI, ce jeudi 15 mai \u00e0 partir de 20h40.<\/strong><\/p>\n<p>La r\u00e9daction de TF1info<\/p>\n","protected":false},"excerpt":{"rendered":"Le vote d\u00e9cisif pour la pr\u00e9sidence des R\u00e9publicains est organis\u00e9 ce week-end.\u00c0 la veille de la cl\u00f4ture de&hellip;\n","protected":false},"author":2,"featured_media":102666,"comment_status":"","ping_status":"","sticky":false,"template":"","format":"standard","meta":{"footnotes":""},"categories":[2],"tags":[1111,11,1921,1013,21876,1011,27,1922,5639,6319,12,21877,25,133,4530],"class_list":{"0":"post-102665","1":"post","2":"type-post","3":"status-publish","4":"format-standard","5":"has-post-thumbnail","7":"category-actualites","8":"tag-actu","9":"tag-actualites","10":"tag-article-video","11":"tag-bruno-retailleau","12":"tag-face-a-darius-rochebin","13":"tag-fr","14":"tag-france","15":"tag-info","16":"tag-laurent-wauquiez","17":"tag-les-republicains","18":"tag-news","19":"tag-presidence-lr-un-affrontement-entre-bruno-retailleau-et-laurent-wauquiez","20":"tag-republique-francaise","21":"tag-video","22":"tag-video-politique"},"share_on_mastodon":{"url":"https:\/\/pubeurope.com\/@fr\/114513508051032798","error":""},"_links":{"self":[{"href":"https:\/\/www.europesays.com\/fr\/wp-json\/wp\/v2\/posts\/102665","targetHints":{"allow":["GET"]}}],"collection":[{"href":"https:\/\/www.europesays.com\/fr\/wp-json\/wp\/v2\/posts"}],"about":[{"href":"https:\/\/www.europesays.com\/fr\/wp-json\/wp\/v2\/types\/post"}],"author":[{"embeddable":true,"href":"https:\/\/www.europesays.com\/fr\/wp-json\/wp\/v2\/users\/2"}],"replies":[{"embeddable":true,"href":"https:\/\/www.europesays.com\/fr\/wp-json\/wp\/v2\/comments?post=102665"}],"version-history":[{"count":0,"href":"https:\/\/www.europesays.com\/fr\/wp-json\/wp\/v2\/posts\/102665\/revisions"}],"wp:featuredmedia":[{"embeddable":true,"href":"https:\/\/www.europesays.com\/fr\/wp-json\/wp\/v2\/media\/102666"}],"wp:attachment":[{"href":"https:\/\/www.europesays.com\/fr\/wp-json\/wp\/v2\/media?parent=102665"}],"wp:term":[{"taxonomy":"category","embeddable":true,"href":"https:\/\/www.europesays.com\/fr\/wp-json\/wp\/v2\/categories?post=102665"},{"taxonomy":"post_tag","embeddable":true,"href":"https:\/\/www.europesays.com\/fr\/wp-json\/wp\/v2\/tags?post=102665"}],"curies":[{"name":"wp","href":"https:\/\/api.w.org\/{rel}","templated":true}]}}