{"id":102673,"date":"2025-05-15T19:35:08","date_gmt":"2025-05-15T19:35:08","guid":{"rendered":"https:\/\/www.europesays.com\/fr\/102673\/"},"modified":"2025-05-15T19:35:08","modified_gmt":"2025-05-15T19:35:08","slug":"atp-rome-jannik-sinner-apres-avoir-aneanti-casper-ruud-comme-vous-avez-pu-le-constater-je-me-sentais-bien-sur-le-court-aujourdhui","status":"publish","type":"post","link":"https:\/\/www.europesays.com\/fr\/102673\/","title":{"rendered":"ATP &#8211; Rome > Jannik Sinner, apr\u00e8s avoir an\u00e9anti Casper Ruud : \u00ab\u00a0Comme vous avez pu le constater, je me sentais bien sur le court aujourd&rsquo;hui\u00a0\u00bb"},"content":{"rendered":"<p>Il y a des jours comme \u00e7a o\u00f9 rien ne peut vous arriver, o\u00f9 vous semblez voler sur le\u00a0court.<\/p>\n<p>C\u2019est certai\u00adne\u00adment ce qu\u2019a d\u00fb ressentir Jannik Sinner ce jeudi face \u00e0 Casper Ruud en quarts de finale du Masters 1000 de Rome. Tout simple\u00adment injouable, le num\u00e9ro 1 mondial a inflig\u00e9 la deuxi\u00e8me plus lourde d\u00e9faite de la carri\u00e8re du Norv\u00e9gien en lui lais\u00adsant seule\u00adment un petit jeu\u00a0: 6\u20130, 6\u20131, en\u00a01h02.<\/p>\n<blockquote class=\"twitter-tweet\">\n<p lang=\"en\" dir=\"ltr\">Tennis cannot be played much better.<\/p>\n<p>A super\u00adhuman perfor\u00admance by <a href=\"https:\/\/twitter.com\/janniksin?ref_src=twsrc%5Etfw\" data-wpel-link=\"external\" target=\"_blank\" rel=\"nofollow external noopener\">@janniksin<\/a> \ud83d\udc7d<a href=\"https:\/\/twitter.com\/hashtag\/IBI25?src=hash&amp;ref_src=twsrc%5Etfw\" data-wpel-link=\"external\" target=\"_blank\" rel=\"nofollow external noopener\">#IBI25<\/a> <a href=\"https:\/\/t.co\/xBI39uBmLD\" data-wpel-link=\"external\" target=\"_blank\" rel=\"nofollow external noopener\">pic.twitter.com\/xBI39uBmLD<\/a><\/p>\n<p>\u2014 Tennis TV (@TennisTV) <a href=\"https:\/\/twitter.com\/TennisTV\/status\/1923081137527677427?ref_src=twsrc%5Etfw\" data-wpel-link=\"external\" target=\"_blank\" rel=\"nofollow external noopener\">May 15,\u00a02025<\/a><\/p><\/blockquote>\n<p>Un jeu inscrit en d\u00e9but de deuxi\u00e8me manche et <a href=\"https:\/\/www.welovetennis.fr\/atp\/atp-rome\/maltraite-par-sinner-ruud-soffre-une-celebration-apres-son-premier-jeu-inscrit-du-match\" data-wpel-link=\"internal\" target=\"_blank\" rel=\"noopener\">c\u00e9l\u00e9br\u00e9 comme une victoire<\/a> par le r\u00e9cent vain\u00adqueur du tournoi de Madrid.\u00a0<\/p>\n<p>Interrog\u00e9 sur le court \u00e0 l\u2019issue de la rencontre, l\u2019Italien a d\u2019abord fait un peu d\u2019hu\u00admour avant d\u2019ana\u00adlyser sa perfor\u00admance avec beau\u00adcoup de s\u00e9rieux.\u00a0<\/p>\n<p><strong>\u00ab\u202fComme vous avez pu le constater, je me sentais tr\u00e8s bien sur le court aujourd\u2019hui (jeudi). Mon objectif \u00e9tait de comprendre o\u00f9 se situait mon niveau lors de ce tournoi. Il a progress\u00e9 de jour en jour. J\u2019en suis donc tr\u00e8s heureux. Le r\u00e9sultat importe peu. Mais mes sensa\u00adtions d\u2019au\u00adjourd\u2019hui sont tr\u00e8s posi\u00adtives. Tout peut changer en un jour. Une seule perfor\u00admance ne peut pas tout dire sur ma forme actuelle. Mais je suis tr\u00e8s content. Je pense qu\u2019au\u00adjourd\u2019hui, tout a tr\u00e8s bien fonc\u00adtionn\u00e9. J\u2019ai bien servi. J\u2019ai bien retourn\u00e9. J\u2019ai bien boug\u00e9 sur le court. J\u2019en suis tr\u00e8s content. On verra ce que l\u2019avenir nous r\u00e9serve en demi\u2010finale\u202f\u00bb<\/strong>, a d\u00e9clar\u00e9 celui qui affron\u00adtera Tommy\u00a0Paul.\u00a0<\/p>\n<p class=\"post-published-date\" style=\"color: silver; font-size: 75%; text-align: left;\">Publi\u00e9 le jeudi 15 mai 2025 \u00e0 20:41<\/p>\n<p><script async src=\"https:\/\/platform.twitter.com\/widgets.js\" charset=\"utf-8\"><\/script><\/p>\n","protected":false},"excerpt":{"rendered":"Il y a des jours comme \u00e7a o\u00f9 rien ne peut vous arriver, o\u00f9 vous semblez voler sur&hellip;\n","protected":false},"author":2,"featured_media":102674,"comment_status":"","ping_status":"","sticky":false,"template":"","format":"standard","meta":{"footnotes":""},"categories":[1415],"tags":[1011,27,2127,60,1467],"class_list":{"0":"post-102673","1":"post","2":"type-post","3":"status-publish","4":"format-standard","5":"has-post-thumbnail","7":"category-tennis","8":"tag-fr","9":"tag-france","10":"tag-sinner","11":"tag-sports","12":"tag-tennis"},"share_on_mastodon":{"url":"https:\/\/pubeurope.com\/@fr\/114513531666359183","error":""},"_links":{"self":[{"href":"https:\/\/www.europesays.com\/fr\/wp-json\/wp\/v2\/posts\/102673","targetHints":{"allow":["GET"]}}],"collection":[{"href":"https:\/\/www.europesays.com\/fr\/wp-json\/wp\/v2\/posts"}],"about":[{"href":"https:\/\/www.europesays.com\/fr\/wp-json\/wp\/v2\/types\/post"}],"author":[{"embeddable":true,"href":"https:\/\/www.europesays.com\/fr\/wp-json\/wp\/v2\/users\/2"}],"replies":[{"embeddable":true,"href":"https:\/\/www.europesays.com\/fr\/wp-json\/wp\/v2\/comments?post=102673"}],"version-history":[{"count":0,"href":"https:\/\/www.europesays.com\/fr\/wp-json\/wp\/v2\/posts\/102673\/revisions"}],"wp:featuredmedia":[{"embeddable":true,"href":"https:\/\/www.europesays.com\/fr\/wp-json\/wp\/v2\/media\/102674"}],"wp:attachment":[{"href":"https:\/\/www.europesays.com\/fr\/wp-json\/wp\/v2\/media?parent=102673"}],"wp:term":[{"taxonomy":"category","embeddable":true,"href":"https:\/\/www.europesays.com\/fr\/wp-json\/wp\/v2\/categories?post=102673"},{"taxonomy":"post_tag","embeddable":true,"href":"https:\/\/www.europesays.com\/fr\/wp-json\/wp\/v2\/tags?post=102673"}],"curies":[{"name":"wp","href":"https:\/\/api.w.org\/{rel}","templated":true}]}}