{"id":102675,"date":"2025-05-15T19:37:10","date_gmt":"2025-05-15T19:37:10","guid":{"rendered":"https:\/\/www.europesays.com\/fr\/102675\/"},"modified":"2025-05-15T19:37:10","modified_gmt":"2025-05-15T19:37:10","slug":"carmelo-ezpeleta-va-t-il-demissionner-de-la-direction-de-motogp-le-dirigeant-repond-aux-speculations","status":"publish","type":"post","link":"https:\/\/www.europesays.com\/fr\/102675\/","title":{"rendered":"Carmelo Ezpeleta va-t-il d\u00e9missionner de la direction de MotoGP ? Le dirigeant r\u00e9pond aux sp\u00e9culations."},"content":{"rendered":"<p>Avec l\u2019acquisition de Dorna par Liberty Media imminente, des rumeurs ont \u00e9merg\u00e9 concernant l\u2019avenir de Carmelo Ezpeleta en tant que PDG du promoteur de MotoGP.<\/p>\n<p>Le Espagnol de 86 ans apporte plus de trois d\u00e9cennies d\u2019exp\u00e9rience, durant lesquelles il a \u00e9t\u00e9 largement reconnu comme un acteur cl\u00e9 du succ\u00e8s du championnat. Cependant, un nouveau propri\u00e9taire entra\u00eene souvent des changements.<\/p>\n<p>N\u00e9anmoins, si cela d\u00e9pend d\u2019Ezpeleta, son d\u00e9part ne se produira pas de sit\u00f4t : \u2018Je sais qu\u2019il y a beaucoup de sp\u00e9culations. Mais si je reste en bonne sant\u00e9, j\u2019aimerais continuer encore deux ou trois ans. C\u2019est mon plan et ma vision\u2019, a-t-il d\u00e9clar\u00e9 \u00e0 GPOne.com.<\/p>\n<p>Le patron de MotoGP de longue date, qui a supervis\u00e9 d\u2019innombrables changements et une croissance constante, a ajout\u00e9 : \u2018Je me sens \u00e0 l\u2019aise et bien dans mon r\u00f4le, et j\u2019ai acquis beaucoup d\u2019exp\u00e9rience. Sans travail, je m\u2019effondrerais\u2019.<\/p>\n<p>Lorsque Liberty Media a pris le contr\u00f4le de la Formule 1 en 2017, Bernie Ecclestone s\u2019est retir\u00e9 pour laisser la place \u00e0 Chase Carey \u2013 qui a depuis \u00e9t\u00e9 remplac\u00e9 par Stefano Domenicali. Il reste \u00e0 voir ce que l\u2019avenir r\u00e9serve \u00e0 Ezpeleta, bien qu\u2019il approche des 90 ans, il semble conserver sa vivacit\u00e9 et sa clart\u00e9 habituelles.<\/p>\n","protected":false},"excerpt":{"rendered":"Avec l\u2019acquisition de Dorna par Liberty Media imminente, des rumeurs ont \u00e9merg\u00e9 concernant l\u2019avenir de Carmelo Ezpeleta en&hellip;\n","protected":false},"author":2,"featured_media":102676,"comment_status":"","ping_status":"","sticky":false,"template":"","format":"standard","meta":{"footnotes":""},"categories":[1413],"tags":[21827,21603,1011,27,21878,1457,1456,1458,60],"class_list":{"0":"post-102675","1":"post","2":"type-post","3":"status-publish","4":"format-standard","5":"has-post-thumbnail","7":"category-moto","8":"tag-carmelo-ezpeleta","9":"tag-dorna","10":"tag-fr","11":"tag-france","12":"tag-liberty-media","13":"tag-moto","14":"tag-motocycle","15":"tag-motogp","16":"tag-sports"},"share_on_mastodon":{"url":"https:\/\/pubeurope.com\/@fr\/114513539502541274","error":""},"_links":{"self":[{"href":"https:\/\/www.europesays.com\/fr\/wp-json\/wp\/v2\/posts\/102675","targetHints":{"allow":["GET"]}}],"collection":[{"href":"https:\/\/www.europesays.com\/fr\/wp-json\/wp\/v2\/posts"}],"about":[{"href":"https:\/\/www.europesays.com\/fr\/wp-json\/wp\/v2\/types\/post"}],"author":[{"embeddable":true,"href":"https:\/\/www.europesays.com\/fr\/wp-json\/wp\/v2\/users\/2"}],"replies":[{"embeddable":true,"href":"https:\/\/www.europesays.com\/fr\/wp-json\/wp\/v2\/comments?post=102675"}],"version-history":[{"count":0,"href":"https:\/\/www.europesays.com\/fr\/wp-json\/wp\/v2\/posts\/102675\/revisions"}],"wp:featuredmedia":[{"embeddable":true,"href":"https:\/\/www.europesays.com\/fr\/wp-json\/wp\/v2\/media\/102676"}],"wp:attachment":[{"href":"https:\/\/www.europesays.com\/fr\/wp-json\/wp\/v2\/media?parent=102675"}],"wp:term":[{"taxonomy":"category","embeddable":true,"href":"https:\/\/www.europesays.com\/fr\/wp-json\/wp\/v2\/categories?post=102675"},{"taxonomy":"post_tag","embeddable":true,"href":"https:\/\/www.europesays.com\/fr\/wp-json\/wp\/v2\/tags?post=102675"}],"curies":[{"name":"wp","href":"https:\/\/api.w.org\/{rel}","templated":true}]}}