{"id":102677,"date":"2025-05-15T19:38:13","date_gmt":"2025-05-15T19:38:13","guid":{"rendered":"https:\/\/www.europesays.com\/fr\/102677\/"},"modified":"2025-05-15T19:38:13","modified_gmt":"2025-05-15T19:38:13","slug":"evans-leader-avant-un-vendredi-copieux-au-portugal","status":"publish","type":"post","link":"https:\/\/www.europesays.com\/fr\/102677\/","title":{"rendered":"Evans leader avant un vendredi copieux au Portugal"},"content":{"rendered":"<p>Retour sur terre pour le WRC\u00a0! Apr\u00e8s le lisse tarmac des Canaries, le championnat du monde des Rallyes est au Portugal cette semaine et la premi\u00e8re sp\u00e9ciale a d\u00e9j\u00e0 \u00e9t\u00e9 disput\u00e9e, en ouverture, ce jeudi soir. Une petite mise en bouche essentiellement pour le plaisir du public, avec un enjeu sportif plut\u00f4t faible, et avant un vendredi qui s&rsquo;annonce gargantuesque <a href=\"https:\/\/fr.motorsport.com\/wrc\/news\/rallye-portugal-2025-dates-horaires-infos-programme\/10721926\/\" target=\"_self\" rel=\"noopener nofollow\">avec pas moins de dix sp\u00e9ciales au programme<\/a>.<\/p>\n<p>Pour ouvrir les d\u00e9bats, il fallait affronter un petit parcours sur asphalte, long de 2,94 km et aux allures de gymkhana. Autrement dit, rien de repr\u00e9sentatif de la suite du week-end, et avec un ordre de d\u00e9part inverse \u00e0 celui de vendredi puisque c&rsquo;est le leader du championnat, <a href=\"https:\/\/fr.motorsport.com\/driver\/elfyn-evans\/93531\/\" target=\"_blank\" rel=\"noopener nofollow\">Elfyn Evans<\/a> (Toyota), qui a conclu la soir\u00e9e.<\/p>\n<p>Du c\u00f4t\u00e9 du chrono, c&rsquo;est d&rsquo;ailleurs le Gallois qui s&rsquo;est montr\u00e9 le plus rapide, pour deux dixi\u00e8mes seulement devant <a href=\"https:\/\/fr.motorsport.com\/driver\/ott-tanak\/91992\/\" target=\"_blank\" rel=\"noopener nofollow\">Ott T\u00e4nak<\/a> (Hyundai), \u00e0 \u00e9galit\u00e9 avec <a href=\"https:\/\/fr.motorsport.com\/driver\/sebastien-ogier\/87219\/\" target=\"_blank\" rel=\"noopener nofollow\">S\u00e9bastien Ogier<\/a>, lui aussi au volant d&rsquo;une Toyota d\u00e9sormais habill\u00e9e d&rsquo;une robe grise. Aucun gros \u00e9cart n&rsquo;est \u00e0 signaler si l&rsquo;on excepte les Ford M-Sport de <a href=\"https:\/\/fr.motorsport.com\/driver\/gregoire-munster\/951567\/\" target=\"_blank\" rel=\"noopener nofollow\">Gr\u00e9goire Munster<\/a> et <a href=\"https:\/\/fr.motorsport.com\/driver\/josh-mcerlean\/951867\/\" rel=\"nofollow noopener\" target=\"_blank\">Josh McErlean<\/a>, sortis du top 10.<\/p>\n<p>Vendredi matin, les premiers concurrents sont attendus au d\u00e9part d\u00e8s 8h35.<\/p>\n<p><img decoding=\"async\" class=\"ms-flag-img ms-flag-img_s0\" title=\"Portugal\" src=\"https:\/\/www.europesays.com\/fr\/wp-content\/uploads\/2025\/05\/pt-3.svg.svg+xml\" alt=\"Portugal\" width=\"25\" loading=\"lazy\"\/>\u00a0Rallye du Portugal &#8211; Classement apr\u00e8s l&rsquo;ES1<\/p>\n<p><img decoding=\"async\" class=\"sizer\" draggable=\"false\" src=\"data:image\/png;base64,iVBORw0KGgoAAAANSUhEUgAAABAAAAAJCAYAAAA7KqwyAAAAGXRFWHRTb2Z0d2FyZQBBZG9iZSBJbWFnZVJlYWR5ccllPAAAABpJREFUeNpi\/P\/\/PwMlgImBQjBqwLAwACDAAOVfAw9\/ZDvcAAAAAElFTkSuQmCC\" alt=\"\" loading=\"lazy\"\/><\/p>\n<p class=\"title\">VID\u00c9O &#8211; R\u00c9SUM\u00c9 : Les meilleurs moments du shakedown au Rallye du Portugal<\/p>\n<p>Lire aussi :<\/p>\n<p>Dans cet article<\/p>\n<p>    Basile Davoine\n<\/p>\n<p>    WRC\n<\/p>\n<p>    Toyota Racing\n<\/p>\n<p>    M-Sport\n<\/p>\n<p>    Hyundai Motorsport\n<\/p>\n<p>Soyez le premier inform\u00e9 et souscrivez aux alertes mails pour recevoir les infos en temps r\u00e9el<\/p>\n<p>    S&rsquo;abonner aux alertes de news<\/p>\n","protected":false},"excerpt":{"rendered":"Retour sur terre pour le WRC\u00a0! Apr\u00e8s le lisse tarmac des Canaries, le championnat du monde des Rallyes&hellip;\n","protected":false},"author":2,"featured_media":102678,"comment_status":"","ping_status":"","sticky":false,"template":"","format":"standard","meta":{"footnotes":""},"categories":[1412],"tags":[1451,1452,1453,1454,1455,1011,27,21881,21880,6996,21882,60,21879,16405],"class_list":{"0":"post-102677","1":"post","2":"type-post","3":"status-publish","4":"format-standard","5":"has-post-thumbnail","7":"category-f1","8":"tag-f1","9":"tag-formula-1","10":"tag-formula1","11":"tag-formule-1","12":"tag-formule1","13":"tag-fr","14":"tag-france","15":"tag-hyundai-motorsport","16":"tag-m-sport","17":"tag-portugal","18":"tag-rallye-du-portugal","19":"tag-sports","20":"tag-toyota-racing","21":"tag-wrc"},"share_on_mastodon":{"url":"https:\/\/pubeurope.com\/@fr\/114513543474914948","error":""},"_links":{"self":[{"href":"https:\/\/www.europesays.com\/fr\/wp-json\/wp\/v2\/posts\/102677","targetHints":{"allow":["GET"]}}],"collection":[{"href":"https:\/\/www.europesays.com\/fr\/wp-json\/wp\/v2\/posts"}],"about":[{"href":"https:\/\/www.europesays.com\/fr\/wp-json\/wp\/v2\/types\/post"}],"author":[{"embeddable":true,"href":"https:\/\/www.europesays.com\/fr\/wp-json\/wp\/v2\/users\/2"}],"replies":[{"embeddable":true,"href":"https:\/\/www.europesays.com\/fr\/wp-json\/wp\/v2\/comments?post=102677"}],"version-history":[{"count":0,"href":"https:\/\/www.europesays.com\/fr\/wp-json\/wp\/v2\/posts\/102677\/revisions"}],"wp:featuredmedia":[{"embeddable":true,"href":"https:\/\/www.europesays.com\/fr\/wp-json\/wp\/v2\/media\/102678"}],"wp:attachment":[{"href":"https:\/\/www.europesays.com\/fr\/wp-json\/wp\/v2\/media?parent=102677"}],"wp:term":[{"taxonomy":"category","embeddable":true,"href":"https:\/\/www.europesays.com\/fr\/wp-json\/wp\/v2\/categories?post=102677"},{"taxonomy":"post_tag","embeddable":true,"href":"https:\/\/www.europesays.com\/fr\/wp-json\/wp\/v2\/tags?post=102677"}],"curies":[{"name":"wp","href":"https:\/\/api.w.org\/{rel}","templated":true}]}}