{"id":102683,"date":"2025-05-15T19:41:09","date_gmt":"2025-05-15T19:41:09","guid":{"rendered":"https:\/\/www.europesays.com\/fr\/102683\/"},"modified":"2025-05-15T19:41:09","modified_gmt":"2025-05-15T19:41:09","slug":"nicolas-sarkozy-son-bracelet-electronique-retire-cyril-hanouna-aux-anges-quest-ce-que-je-suis-heureux-pour-lui","status":"publish","type":"post","link":"https:\/\/www.europesays.com\/fr\/102683\/","title":{"rendered":"Nicolas Sarkozy : son bracelet \u00e9lectronique retir\u00e9, Cyril Hanouna aux anges, \u00ab\u00a0qu\u2019est-ce que je suis heureux pour lui\u00a0\u00bb"},"content":{"rendered":"<p>Un retrait de bracelet \u00e9lectronique qui fait grandement plaisir \u00e0 <a href=\"https:\/\/www.public.fr\/tag\/cyril-hanouna\" target=\"_blank\" rel=\"noopener\">Cyril Hanouna<\/a>. Ce jeudi 15 mai 2025, <a href=\"https:\/\/www.public.fr\/tag\/nicolas-sarkozy\" target=\"_blank\" rel=\"noopener\">Nicolas Sarkozy<\/a> a en effet pu faire retirer son bracelet qu\u2019il portait depuis le 7 f\u00e9vrier 2025 comme l\u2019a indiqu\u00e9 le parquet de Paris \u00e0 nos confr\u00e8res de BFMTV, confirmant ainsi une information de Off investigation.<\/p>\n<p>Pour rappel, l\u2019ancien Pr\u00e9sident de la R\u00e9publique de 2007 \u00e0 2012, se faisait condamner \u00e0 un an d\u2019emprisonnement ferme sous bracelet dans l&rsquo;affaire des \u00e9coutes en d\u00e9cembre 2024. Mais \u00e9tant \u00e2g\u00e9 de 70 ans, le compagnon de <a href=\"https:\/\/www.public.fr\/tag\/carla-bruni\" target=\"_blank\" rel=\"noopener\">Carla Bruni<\/a> a pu demander une lib\u00e9ration conditionnelle avant la moiti\u00e9 de sa peine. Il aurait donc port\u00e9 son bracelet un peu plus de trois mois avant de le retirer.\u00a0<\/p>\n<p>Le bracelet \u00e9lectronique de Nicolas Sarkozy, retir\u00e9<\/p>\n<p>\u00ab\u00a0<strong>Je vous confirme que M. Nicolas Sarkozy a b\u00e9n\u00e9fici\u00e9 d\u2019une lib\u00e9ration conditionnelle<\/strong> ordonn\u00e9e le 14 mai par le juge de l\u2019application des peines. Cette mesure, qui au regard de la loi aurait pu intervenir d\u00e8s le premier jour, est strictement conforme \u00e0 la loi et \u00e0 la jurisprudence\u00a0\u00bb, a confirm\u00e9 ma\u00eetre Jacqueline Laffont Ha\u00efk, l\u2019avocate de l\u2019ancien Chef de l\u2019\u00c9tat, au micro de BFMTV.<\/p>\n<p>Le parquet de Paris, quant \u00e0 lui, se justifie : \u00ab\u00a0\u00c9tant \u00e2g\u00e9 de 70 ans depuis le 28 janvier 2025, sa requ\u00eate avant d\u2019avoir ex\u00e9cut\u00e9 la moiti\u00e9 de la peine est recevable\u00a0\u00bb. Quelques heures plus tard, <a href=\"https:\/\/vsd.fr\/tag\/cyril-hanouna\/\" target=\"_blank\" rel=\"noopener\">Cyril Hanouna<\/a> a souhait\u00e9 r\u00e9agir \u00e0 cette nouvelle. Visiblement, <strong>l\u2019animateur se montrait ravi pour son ami.<\/strong><\/p>\n<p>Cyril Hanouna, ravi pour l&rsquo;ancien Chef de l&rsquo;\u00c9tat<\/p>\n<p>\u00ab\u00a0Qu\u2019est-ce que je suis heureux ! <strong>Je vous dis franchement, je suis heureux. Voil\u00e0, je suis heureux<\/strong>. Je suis heureux pour lui parce que vous savez comme je l&rsquo;appr\u00e9cie, comme je l\u2019aime\u00a0\u00bb, se r\u00e9jouit l\u2019animateur ce jeudi 15 mai 2025 dans son \u00e9mission <strong>\u00ab\u00a0On marche sur la t\u00eate\u00a0\u00bb<\/strong> sur Europe 1.<\/p>\n<p>Par la suite, l\u2019ancien pr\u00e9sentateur de <strong>\u00ab\u00a0TPMP\u00a0\u00bb<\/strong> a fait l\u2019\u00e9loge de Nicolas Sarkozy : \u00ab\u00a0et vous ne savez pas. Moi, j&rsquo;ai la chance de le conna\u00eetre. Et je peux vous dire que m\u00eame quand il a d&rsquo;\u00e9normes probl\u00e8mes, enfin quand il a des probl\u00e8mes comme \u00e7a, il n&rsquo;en parle jamais. Je vous jure que c&rsquo;est vrai, hein. Et vous pouvez l&rsquo;appeler \u00e0 n&rsquo;importe quelle heure, il est toujours l\u00e0 pour ses amis, vraiment. N&rsquo;importe quoi, pour demander un conseil, lui demander un truc\u00a0\u00bb.\u00a0<\/p>\n<p><strong>\u00ab\u00a0Vraiment, je, j&rsquo;aime cet homme et je suis heureux pour lui aujourd&rsquo;hui, d&rsquo;ailleurs, je l&rsquo;appellerai apr\u00e8s\u00a0\u00bb<\/strong>, a conclu Cyril Hanouna, d\u00e9finitivement \u00ab\u00a0heureux\u00a0\u00bb de la \u00ab\u00a0remise en libert\u00e9\u00a0\u00bb de Nicolas Sarkozy.\u00a0<\/p>\n<p>      Mentionn\u00e9s dans cet article<\/p>\n<p>\u00c0 lire aussi<\/p>\n","protected":false},"excerpt":{"rendered":"Un retrait de bracelet \u00e9lectronique qui fait grandement plaisir \u00e0 Cyril Hanouna. Ce jeudi 15 mai 2025, Nicolas&hellip;\n","protected":false},"author":2,"featured_media":102684,"comment_status":"","ping_status":"","sticky":false,"template":"","format":"standard","meta":{"footnotes":""},"categories":[1359],"tags":[12667,1083,58,59,1473,1011,27,3091,973],"class_list":{"0":"post-102683","1":"post","2":"type-post","3":"status-publish","4":"format-standard","5":"has-post-thumbnail","7":"category-people","8":"tag-carla-bruni","9":"tag-cyril-hanouna","10":"tag-divertissement","11":"tag-entertainment","12":"tag-europe-1","13":"tag-fr","14":"tag-france","15":"tag-nicolas-sarkozy","16":"tag-people"},"share_on_mastodon":{"url":"https:\/\/pubeurope.com\/@fr\/114513555229259679","error":""},"_links":{"self":[{"href":"https:\/\/www.europesays.com\/fr\/wp-json\/wp\/v2\/posts\/102683","targetHints":{"allow":["GET"]}}],"collection":[{"href":"https:\/\/www.europesays.com\/fr\/wp-json\/wp\/v2\/posts"}],"about":[{"href":"https:\/\/www.europesays.com\/fr\/wp-json\/wp\/v2\/types\/post"}],"author":[{"embeddable":true,"href":"https:\/\/www.europesays.com\/fr\/wp-json\/wp\/v2\/users\/2"}],"replies":[{"embeddable":true,"href":"https:\/\/www.europesays.com\/fr\/wp-json\/wp\/v2\/comments?post=102683"}],"version-history":[{"count":0,"href":"https:\/\/www.europesays.com\/fr\/wp-json\/wp\/v2\/posts\/102683\/revisions"}],"wp:featuredmedia":[{"embeddable":true,"href":"https:\/\/www.europesays.com\/fr\/wp-json\/wp\/v2\/media\/102684"}],"wp:attachment":[{"href":"https:\/\/www.europesays.com\/fr\/wp-json\/wp\/v2\/media?parent=102683"}],"wp:term":[{"taxonomy":"category","embeddable":true,"href":"https:\/\/www.europesays.com\/fr\/wp-json\/wp\/v2\/categories?post=102683"},{"taxonomy":"post_tag","embeddable":true,"href":"https:\/\/www.europesays.com\/fr\/wp-json\/wp\/v2\/tags?post=102683"}],"curies":[{"name":"wp","href":"https:\/\/api.w.org\/{rel}","templated":true}]}}