{"id":102704,"date":"2025-05-15T19:53:12","date_gmt":"2025-05-15T19:53:12","guid":{"rendered":"https:\/\/www.europesays.com\/fr\/102704\/"},"modified":"2025-05-15T19:53:12","modified_gmt":"2025-05-15T19:53:12","slug":"audition-de-bayrou-sur-betharram-le-piege-des-insoumis-mis-en-lumiere","status":"publish","type":"post","link":"https:\/\/www.europesays.com\/fr\/102704\/","title":{"rendered":"\u00abAudition de Bayrou sur B\u00e9tharram, le pi\u00e8ge des Insoumis mis en lumi\u00e8re\u00bb"},"content":{"rendered":"<p><strong>CONTRE-POINT<\/strong> &#8211; En martelant que le premier ministre a menti, le d\u00e9put\u00e9 LFI Paul Vannier veut accr\u00e9diter l\u2019id\u00e9e que les explications donn\u00e9es devant la commission d\u2019enqu\u00eate seraient nulles. Une conclusion que la corapportrice Renaissance, Violette Spillebout s\u2019interdit de tirer.<\/p>\n<p class=\"fig-paragraph\">La \u00ab\u00a0meute\u00a0\u00bb ne veut pas l\u00e2cher sa proie. Au lendemain de l\u2019audition de Fran\u00e7ois Bayrou devant la commission d\u2019enqu\u00eate, l\u2019Insoumis\u00a0<a href=\"http:\/\/www.lefigaro.fr\/actualite-france\/affaire-betharram-francois-bayrou-a-reconnu-avoir-menti-sous-serment-devant-l-assemblee-juge-le-depute-lfi-paul-vannier-20250515\" target=\"_blank\" data-fig-type=\"NewsFlash\" rel=\"noopener\" data-gtm-custom-categorie=\"navigation\" data-gtm-custom-action=\"crossclick\" data-gtm-custom-label=\"Contextuel\" data-gtm-event=\"customEventSPE\" data-fig-domain=\"LEFIGARO\">Paul Vannier<\/a>\u00a0pousse le bouchon encore un peu plus loin. Apr\u00e8s avoir ajout\u00e9 un volet politique \u00e0 l\u2019<a href=\"http:\/\/www.lefigaro.fr\/actualite-france\/dossier\/institution-notre-dame-de-betharram-ce-qu-il-faut-savoir-de-l-affaire-qui-embarrasse-francois-bayrou\" target=\"_blank\" data-fig-type=\"Topic\" rel=\"noopener\" data-gtm-custom-categorie=\"navigation\" data-gtm-custom-action=\"crossclick\" data-gtm-custom-label=\"Contextuel\" data-gtm-event=\"customEventSPE\" data-fig-domain=\"LEFIGARO\">affaire B\u00e9tharram<\/a>, en accusant le premier ministre de ne \u00ab\u00a0pas avoir prot\u00e9g\u00e9 les victimes de violences p\u00e9docriminelles\u00a0\u00bb, le d\u00e9put\u00e9 m\u00e9lenchoniste a ressorti la\u00a0<a href=\"http:\/\/www.lefigaro.fr\/faits-divers\/le-sombre-destin-judiciaire-de-l-enfant-gifle-par-francois-bayrou-en-2002-20241219\" target=\"_blank\" data-fig-type=\"NewsFlash\" rel=\"noopener\" data-gtm-custom-categorie=\"navigation\" data-gtm-custom-action=\"crossclick\" data-gtm-custom-label=\"Contextuel\" data-gtm-event=\"customEventSPE\" data-fig-domain=\"LEFIGARO\">gifle donn\u00e9e \u00e0 cet enfant<\/a>\u00a0qui lui faisait les poches lors de sa campagne pr\u00e9sidentielle de 2002, en parlant d\u2019un \u00ab\u00a0continuum des violences\u00a0\u00bb. Comme si la claque donn\u00e9e dans un tel contexte prouvait une \u00e9ventuelle compr\u00e9hension, voire complicit\u00e9 avec les crimes commis contre des enfants.<\/p>\n<p class=\"fig-paragraph\">En continuant de marteler que Bayrou avait menti, Vannier veut accr\u00e9diter l\u2019id\u00e9e que les explications donn\u00e9es devant la commission d\u2019enqu\u00eate seraient nulles et non avenues. Une conclusion que la corapportrice Renaissance,\u00a0<a href=\"http:\/\/www.lefigaro.fr\/politique\/gouvernement-barnier-pressentie-pour-l-education-la-deputee-violette-spillebout-denonce-des-coups-bas-20240923\" target=\"_blank\" data-fig-type=\"NewsFlash\" rel=\"noopener\" data-gtm-custom-categorie=\"navigation\" data-gtm-custom-action=\"crossclick\" data-gtm-custom-label=\"Contextuel\" data-gtm-event=\"customEventSPE\" data-fig-domain=\"LEFIGARO\">Violette Spillebout<\/a>, pourtant rigoureuse et exigeante dans ses questions, s\u2019interdit de\u2026<\/p>\n<p class=\"fig-premium-paywall__infos\">\n        Cet article est r\u00e9serv\u00e9 aux abonn\u00e9s.        Il vous reste 71% \u00e0 d\u00e9couvrir.\n    <\/p>\n<p>                <img  data- alt=\"Le Figaro\" class=\"fig-img--complete fig-img\"\/><\/p>\n<p class=\"fig-premium-paywall__title\">Vente Flash<\/p>\n<p class=\"fig-premium-paywall__subtitle\">4,99\u20ac par mois pendant 12 mois. Sans engagement.<\/p>\n<p class=\"fig-premium-paywall__connect\">\n                D\u00e9j\u00e0 abonn\u00e9\u00a0?                <a class=\"fig-premium-paywall__connect-link\" href=\"https:\/\/connect.lefigaro.fr\/login?client=horizon_web&amp;type=main&amp;redirect_uri=https%3A%2F%2Fwww.lefigaro.fr%2Fpolitique%2Fguillaume-tabard-audition-de-bayrou-sur-betharram-le-piege-des-insoumis-mis-en-lumiere-20250515\" data-js-gtm=\"{&quot;customCategorie&quot;: &quot;conversion&quot;, &quot;customAction&quot;: &quot;before_Landing_Connexion_paywall_auto&quot;, &quot;customLabel&quot;: &quot;bGVmaWdhcm8uZnJfXzFmMDMxOTM0LWM2NzAtNjNkOC1iZDVkLWE1YmVlNDJiNTdjZV9fQXJ0aWNsZQ==_Guillaume Tabard\u00a0: \u00abAudition de Bayrou sur B\u00e9tharram, le pi\u00e8ge des Insoumis mis en lumi\u00e8re\u00bb_309&quot;, &quot;customIDSPE&quot;: &quot;bGVmaWdhcm8uZnJfXzFmMDMxOTM0LWM2NzAtNjNkOC1iZDVkLWE1YmVlNDJiNTdjZV9fQXJ0aWNsZQ==&quot;, &quot;event&quot;: &quot;customEventSPE&quot;}\" target=\"_blank\" rel=\"noopener\"><br \/>\n                    Connectez-vous<br \/>\n                <\/a>\n            <\/p>\n","protected":false},"excerpt":{"rendered":"CONTRE-POINT &#8211; En martelant que le premier ministre a menti, le d\u00e9put\u00e9 LFI Paul Vannier veut accr\u00e9diter l\u2019id\u00e9e&hellip;\n","protected":false},"author":2,"featured_media":102705,"comment_status":"","ping_status":"","sticky":false,"template":"","format":"standard","meta":{"footnotes":""},"categories":[4],"tags":[47,1058,1054,1059,1060,1055,11,5137,1057,118,1011,27,431,1061,303,12,1974,1062,25,656,104,1056,809],"class_list":{"0":"post-102704","1":"post","2":"type-post","3":"status-publish","4":"format-standard","5":"has-post-thumbnail","7":"category-france","8":"tag-actualite","9":"tag-actualite-education","10":"tag-actualite-france","11":"tag-actualite-justice","12":"tag-actualite-securite","13":"tag-actualite-societe","14":"tag-actualites","15":"tag-commission-denquete","16":"tag-education","17":"tag-faits-divers","18":"tag-fr","19":"tag-france","20":"tag-francois-bayrou","21":"tag-immigration","22":"tag-justice","23":"tag-news","24":"tag-pedocriminalite","25":"tag-polemique","26":"tag-republique-francaise","27":"tag-securite","28":"tag-societe","29":"tag-societe-francaise","30":"tag-violence"},"share_on_mastodon":{"url":"https:\/\/pubeurope.com\/@fr\/114513602343501420","error":""},"_links":{"self":[{"href":"https:\/\/www.europesays.com\/fr\/wp-json\/wp\/v2\/posts\/102704","targetHints":{"allow":["GET"]}}],"collection":[{"href":"https:\/\/www.europesays.com\/fr\/wp-json\/wp\/v2\/posts"}],"about":[{"href":"https:\/\/www.europesays.com\/fr\/wp-json\/wp\/v2\/types\/post"}],"author":[{"embeddable":true,"href":"https:\/\/www.europesays.com\/fr\/wp-json\/wp\/v2\/users\/2"}],"replies":[{"embeddable":true,"href":"https:\/\/www.europesays.com\/fr\/wp-json\/wp\/v2\/comments?post=102704"}],"version-history":[{"count":0,"href":"https:\/\/www.europesays.com\/fr\/wp-json\/wp\/v2\/posts\/102704\/revisions"}],"wp:featuredmedia":[{"embeddable":true,"href":"https:\/\/www.europesays.com\/fr\/wp-json\/wp\/v2\/media\/102705"}],"wp:attachment":[{"href":"https:\/\/www.europesays.com\/fr\/wp-json\/wp\/v2\/media?parent=102704"}],"wp:term":[{"taxonomy":"category","embeddable":true,"href":"https:\/\/www.europesays.com\/fr\/wp-json\/wp\/v2\/categories?post=102704"},{"taxonomy":"post_tag","embeddable":true,"href":"https:\/\/www.europesays.com\/fr\/wp-json\/wp\/v2\/tags?post=102704"}],"curies":[{"name":"wp","href":"https:\/\/api.w.org\/{rel}","templated":true}]}}