{"id":102714,"date":"2025-05-15T19:58:43","date_gmt":"2025-05-15T19:58:43","guid":{"rendered":"https:\/\/www.europesays.com\/fr\/102714\/"},"modified":"2025-05-15T19:58:43","modified_gmt":"2025-05-15T19:58:43","slug":"nancy-lyceen-decede-en-sortie-de-boite-de-nuit-dix-ans-ferme-requis","status":"publish","type":"post","link":"https:\/\/www.europesays.com\/fr\/102714\/","title":{"rendered":"Nancy. Lyc\u00e9en d\u00e9c\u00e9d\u00e9 en sortie de bo\u00eete de nuit\u00a0: dix ans ferme requis"},"content":{"rendered":"<p>\u00ab\u00a0Et maintenant, on fait quoi de mon client\u00a0? Il a fait quatre mois de d\u00e9tention provisoire et treize mois de bracelet \u00e9lectronique\u00a0? On le remet en taule et on dira que justice a \u00e9t\u00e9 rendue\u00a0?\u00a0\u00bb Il est 18\u00a0h\u00a015 ce jeudi, Me Jean-Thomas se rassoit, plaidoirie achev\u00e9e. Ce vendredi matin, Micha\u00ebl Glasener, 32 ans, jug\u00e9 pour avoir donn\u00e9 le 16\u00a0septembre 2016, au petit matin et \u00e0 la sortie de la discoth\u00e8que \u00ab\u00a0Le R\u00e9seau\u00a0\u00bb, un violent coup de poing qui a entra\u00een\u00e9 la mort, quatre jours plus tard, de Julien Larcher, prendra une derni\u00e8re fois la parole puis la cour d\u2019assises de Meurthe-et-Moselle se retirera pour d\u00e9lib\u00e9rer.<\/p>\n<p>Ne le cachons pas, on n\u2019aimerait gu\u00e8re \u00eatre \u00e0 la place des jur\u00e9s, tr\u00e8s certainement partag\u00e9s entre une condamnation in\u00e9luctable &#8211; l\u2019accus\u00e9 a toujours reconnu avoir port\u00e9 le&#8230;<\/p>\n","protected":false},"excerpt":{"rendered":"\u00ab\u00a0Et maintenant, on fait quoi de mon client\u00a0? Il a fait quatre mois de d\u00e9tention provisoire et treize&hellip;\n","protected":false},"author":2,"featured_media":102715,"comment_status":"","ping_status":"","sticky":false,"template":"","format":"standard","meta":{"footnotes":""},"categories":[9635],"tags":[1111,11,1704,1777,674,274,1011,27,775,3457,1702,1703,12,3456,25],"class_list":{"0":"post-102714","1":"post","2":"type-post","3":"status-publish","4":"format-standard","5":"has-post-thumbnail","7":"category-nancy","8":"tag-actu","9":"tag-actualites","10":"tag-edition-nancy-et-agglomeration","11":"tag-eu","12":"tag-europe","13":"tag-faits-divers-justice","14":"tag-fr","15":"tag-france","16":"tag-grand-est","17":"tag-meurthe-et-moselle","18":"tag-nancy","19":"tag-nancy-ville-54b","20":"tag-news","21":"tag-region-lorraine","22":"tag-republique-francaise"},"share_on_mastodon":{"url":"https:\/\/pubeurope.com\/@fr\/114513622033150713","error":""},"_links":{"self":[{"href":"https:\/\/www.europesays.com\/fr\/wp-json\/wp\/v2\/posts\/102714","targetHints":{"allow":["GET"]}}],"collection":[{"href":"https:\/\/www.europesays.com\/fr\/wp-json\/wp\/v2\/posts"}],"about":[{"href":"https:\/\/www.europesays.com\/fr\/wp-json\/wp\/v2\/types\/post"}],"author":[{"embeddable":true,"href":"https:\/\/www.europesays.com\/fr\/wp-json\/wp\/v2\/users\/2"}],"replies":[{"embeddable":true,"href":"https:\/\/www.europesays.com\/fr\/wp-json\/wp\/v2\/comments?post=102714"}],"version-history":[{"count":0,"href":"https:\/\/www.europesays.com\/fr\/wp-json\/wp\/v2\/posts\/102714\/revisions"}],"wp:featuredmedia":[{"embeddable":true,"href":"https:\/\/www.europesays.com\/fr\/wp-json\/wp\/v2\/media\/102715"}],"wp:attachment":[{"href":"https:\/\/www.europesays.com\/fr\/wp-json\/wp\/v2\/media?parent=102714"}],"wp:term":[{"taxonomy":"category","embeddable":true,"href":"https:\/\/www.europesays.com\/fr\/wp-json\/wp\/v2\/categories?post=102714"},{"taxonomy":"post_tag","embeddable":true,"href":"https:\/\/www.europesays.com\/fr\/wp-json\/wp\/v2\/tags?post=102714"}],"curies":[{"name":"wp","href":"https:\/\/api.w.org\/{rel}","templated":true}]}}