{"id":10273,"date":"2025-04-08T13:13:09","date_gmt":"2025-04-08T13:13:09","guid":{"rendered":"https:\/\/www.europesays.com\/fr\/10273\/"},"modified":"2025-04-08T13:13:09","modified_gmt":"2025-04-08T13:13:09","slug":"lyon-ed-ai-leve-17-me-pour-mettre-lintelligence-artificielle-au-service-des-enseignants","status":"publish","type":"post","link":"https:\/\/www.europesays.com\/fr\/10273\/","title":{"rendered":"Lyon. Ed.ai l\u00e8ve 1,7\u00a0M\u20ac pour mettre l\u2019intelligence artificielle au service des enseignants"},"content":{"rendered":"<p>Mettre \u00e0 profit l\u2019intelligence artificielle au service des enseignants pour lib\u00e9rer du temps p\u00e9dagogique\u00a0: telle est la promesse d\u2019Ed.ai, jeune pousse lyonnaise cr\u00e9\u00e9e en 2024 par C\u00e9dric Bignon, R\u00e9mi Mazi\u00e8res et Jonathan Banon. Ce dernier, ing\u00e9nieur centralien sp\u00e9cialis\u00e9 en machine learning, est \u00e9galement le cofondateur du Livre Scolaire , \u00e9diteur de manuels scolaires, une structure qu\u2019il a vendu depuis.<\/p>\n<p>L\u2019IA au service des enseignants<\/p>\n<p>Depuis la rentr\u00e9e 2024, les trois fondateurs d\u00e9veloppent Ed.ai, une solution visant \u00e0 aider les enseignants en mettant \u00e0 leur service des technologies&#8230;<\/p>\n","protected":false},"excerpt":{"rendered":"Mettre \u00e0 profit l\u2019intelligence artificielle au service des enseignants pour lib\u00e9rer du temps p\u00e9dagogique\u00a0: telle est la promesse&hellip;\n","protected":false},"author":2,"featured_media":10274,"comment_status":"","ping_status":"","sticky":false,"template":"","format":"standard","meta":{"footnotes":""},"categories":[1889],"tags":[1111,11,2430,33,2757,1057,1777,674,5016,1011,27,5015,2428,2756,12,25,2429,216],"class_list":{"0":"post-10273","1":"post","2":"type-post","3":"status-publish","4":"format-standard","5":"has-post-thumbnail","7":"category-lyon","8":"tag-actu","9":"tag-actualites","10":"tag-auvergne-rhone-alpes","11":"tag-economie","12":"tag-edition-lyon-villeurbanne","13":"tag-education","14":"tag-eu","15":"tag-europe","16":"tag-formation-orientation","17":"tag-fr","18":"tag-france","19":"tag-innovation-et-start-up","20":"tag-lyon","21":"tag-lyon-bassin","22":"tag-news","23":"tag-republique-francaise","24":"tag-rhone","25":"tag-vie-des-entreprises"},"share_on_mastodon":{"url":"https:\/\/pubeurope.com\/@fr\/114302524229001367","error":""},"_links":{"self":[{"href":"https:\/\/www.europesays.com\/fr\/wp-json\/wp\/v2\/posts\/10273","targetHints":{"allow":["GET"]}}],"collection":[{"href":"https:\/\/www.europesays.com\/fr\/wp-json\/wp\/v2\/posts"}],"about":[{"href":"https:\/\/www.europesays.com\/fr\/wp-json\/wp\/v2\/types\/post"}],"author":[{"embeddable":true,"href":"https:\/\/www.europesays.com\/fr\/wp-json\/wp\/v2\/users\/2"}],"replies":[{"embeddable":true,"href":"https:\/\/www.europesays.com\/fr\/wp-json\/wp\/v2\/comments?post=10273"}],"version-history":[{"count":0,"href":"https:\/\/www.europesays.com\/fr\/wp-json\/wp\/v2\/posts\/10273\/revisions"}],"wp:featuredmedia":[{"embeddable":true,"href":"https:\/\/www.europesays.com\/fr\/wp-json\/wp\/v2\/media\/10274"}],"wp:attachment":[{"href":"https:\/\/www.europesays.com\/fr\/wp-json\/wp\/v2\/media?parent=10273"}],"wp:term":[{"taxonomy":"category","embeddable":true,"href":"https:\/\/www.europesays.com\/fr\/wp-json\/wp\/v2\/categories?post=10273"},{"taxonomy":"post_tag","embeddable":true,"href":"https:\/\/www.europesays.com\/fr\/wp-json\/wp\/v2\/tags?post=10273"}],"curies":[{"name":"wp","href":"https:\/\/api.w.org\/{rel}","templated":true}]}}