{"id":102748,"date":"2025-05-15T20:18:08","date_gmt":"2025-05-15T20:18:08","guid":{"rendered":"https:\/\/www.europesays.com\/fr\/102748\/"},"modified":"2025-05-15T20:18:08","modified_gmt":"2025-05-15T20:18:08","slug":"un-concert-exceptionnel-de-12-heures-avec-12-artistes-au-centre-de-toulouse","status":"publish","type":"post","link":"https:\/\/www.europesays.com\/fr\/102748\/","title":{"rendered":"un concert exceptionnel de 12 heures, avec 12 artistes, au centre de Toulouse"},"content":{"rendered":"<p>            Par<br \/>\n        <strong><br \/>\n            <a href=\"https:\/\/actu.fr\/auteur\/romain-piccolo\" title=\"Consulter tous les articles de Romain Piccolo\" rel=\"nofollow noopener\" target=\"_blank\">Romain Piccolo<\/a><br \/>\n        <\/strong><\/p>\n<p>        Publi\u00e9 le<\/p>\n<p>            15 mai 2025 \u00e0 20h06        <\/p>\n<p>Cet \u00e9v\u00e9nement propos\u00e9 au centre de <a href=\"https:\/\/actu.fr\/occitanie\/toulouse_31555\/toulouse-supermarches-jardineries-loisirs-quels-sont-les-commerces-et-services-ouverts-le-1er-mai_62572553.html\" rel=\"nofollow noopener\" target=\"_blank\">Toulouse<\/a> aura de quoi surprendre.<strong> Le samedi 17\u00a0mai 2025<\/strong>, de midi \u00e0 minuit,<a href=\"https:\/\/actu.fr\/occitanie\/toulouse_31555\/toulouse-pour-halloween-chasse-aux-fantomes-et-murder-party-dans-ce-lieu-insolite_60245122.html\" rel=\"nofollow noopener\" target=\"_blank\"> l\u2019\u00c9glise du Ges\u00f9<\/a> se transformera en sc\u00e8ne g\u00e9ante pour la toute premi\u00e8re \u00e9dition des 12\u00a0Heures du Ges\u00f9. <strong>Un projet in\u00e9dit<\/strong> qui rassemble douze structures culturelles toulousaines autour d\u2019un parcours sonore non-stop. <strong>De quoi ravir tous les amateurs de musique.<\/strong><\/p>\n<p>De quoi satisfaire tout le monde<\/p>\n<p class=\" wall-content\">Avec 12\u00a0heures de concerts, beaucoup de styles de musique auront le temps de s\u2019exprimer. <strong>Rock, \u00e9lectro, jazz, harpe et voix, po\u00e9sie chant\u00e9e\u2026<\/strong> autant d\u2019univers que proposera ce festival log\u00e9 sous les vo\u00fbtes n\u00e9ogothiques de cet \u00e9difice class\u00e9 Monument historique, pour <strong>la somme de 5\u00a0\u20ac<\/strong> (gratuit pour les \u2013 12\u00a0ans).<\/p>\n<p class=\" wall-content\">Sur place des food trucks<strong>\u00a0et buvette<\/strong> seront pr\u00e9sents. Il est aussi possible de r\u00e9aliser des pr\u00eats de casque de protection auditive.<\/p>\n<p>Un lieu charg\u00e9 d\u2019histoire<\/p>\n<p class=\" wall-content\">L\u2019\u00c9glise du Ges\u00f9, \u00e9difice du XIX\u1d49 si\u00e8cle, a \u00e9t\u00e9 <strong>d\u00e9sacralis\u00e9e en 2000<\/strong> et offre depuis un lieu de convergence pour la vie culturelle toulousaine. Class\u00e9e monument historique, elle se distingue par ses <strong>23\u00a0m\u00e8tres sous les vo\u00fbtes<\/strong>, sa d\u00e9coration n\u00e9ogothique et ses vitraux sign\u00e9s Bernard B\u00e9n\u00e9zet.<\/p>\n<p class=\" wall-content\">Depuis sa transformation, <strong>elle accueille r\u00e9guli\u00e8rement des concerts<\/strong>, notamment gr\u00e2ce \u00e0 l\u2019association Toulouse Les Orgues, mais n\u2019avait jamais connu un projet d\u2019une telle dur\u00e9e et ambition.<\/p>\n<p>Une programmation \u00e9clectique en 12\u00a0heures<\/p>\n<ul class=\" wall-content\">\n<li>\ud835\uddd4\ud835\uddf1\ud835\uddee (ambiant pop)<\/li>\n<li>\ud835\udde6\ud835\ude02\ud835\ude07\ud835\uddee\ud835\uddfb\ud835\uddfb\ud835\uddf2 \ud835\uddd5\ud835\uddf2\ud835\uddf9\ud835\uddee\ud835\ude02\ud835\uddef\ud835\uddff\ud835\uddf2 (chanson pop)<\/li>\n<li>\ud835\uddd6\ud835\uddfc\ud835\uddf0\ud835\uddee\ud835\uddfb\ud835\uddf5\ud835\uddee (duo vocal percu occitan)<\/li>\n<li>\ud835\udddf\ud835\ude06\ud835\ude00 \ud835\uddd9\ud835\uddf6\ud835\uddfb\ud835\uddf8\ud835\uddf2 (orgue ambient expe)<\/li>\n<li>\ud835\udddb\ud835\uddf2\ud835\uddf2\ud835\uddf8\ud835\uddee (rock)<\/li>\n<li>\ud835\udde0\ud835\uddee\ud835\uddf3\ud835\uddee\ud835\uddf9\ud835\uddf1\ud835\uddee \ud835\udddb\ud835\uddf6\ud835\uddf4\ud835\uddf5 (power solo harpe voix)<\/li>\n<li>\ud835\udde2\ud835\uddf1\ud835\uddf2\ud835\ude00\ud835\ude01\ud835\uddee\u0302\ud835\uddfb \ud835\udde7\ud835\uddff\ud835\uddf6\ud835\uddfc (musique et po\u00e9sie chant\u00e9e)<\/li>\n<li>\ud835\udde5\ud835\udde3\ud835\udfef (jazz)<\/li>\n<li>\ud835\uddda\ud835\uddf6\ud835\ude02\ud835\uddf9\ud835\uddf6\ud835\uddfc \ud835\udde7\ud835\uddfc\ud835\ude00\ud835\ude01\ud835\uddf6 (primitif et exp\u00e9rimentation sonore)<\/li>\n<li>\ud835\udde7\ud835\uddff\ud835\uddf6\ud835\uddfc \ud835\uddd9\ud835\udde2\u0302\ud835\udde0 (orgue et violoncelle)<\/li>\n<li>\ud835\udde6\ud835\uddee\ud835\uddee\u030a\ud835\uddee\ud835\uddf1 (ambient electronic avant-garde music)<\/li>\n<li>\ud835\udded\ud835\uddf2\ud835\uddf9\ud835\uddf2\ud835\ude07\ud835\uddfb\ud835\uddee (electro ambiant)<\/li>\n<\/ul>\n<p>    <a href=\"https:\/\/www.google.com\/maps\/embed?pb=!1m18!1m12!1m3!1d2889.579201043341!2d1.4443173746602662!3d43.59448055622898!2m3!1f0!2f0!3f0!3m2!1i1024!2i768!4f13.1!3m3!1m2!1s0x12aebc8166cf1db9%3A0x2908ade846206bff!2s%C3%89glise%20du%20Ges%C3%B9%20de%20Toulouse!5e0!3m2!1sfr!2sfr!4v1746023362922!5m2!1sfr!2sfr\" title=\"Ouvrie le lien\" rel=\"nofollow noopener\" target=\"_blank\">Cliquez ici pour visualiser le contenu<\/a><\/p>\n<p>En route vers de nouvelles aventures musicales<\/p>\n<p class=\" wall-content\">Soutenue par Toulouse M\u00e9tropole, la Ville de Toulouse et Tiss\u00e9o, cette premi\u00e8re \u00e9dition des 12 Heures du Ges\u00f9 pourrait bien devenir l\u2019<strong>un des rendez-vous phares de la vie nocturne et patrimoniale toulousaine<\/strong>.<\/p>\n<p>La 21\u1d49 Nuit europ\u00e9enne des mus\u00e9es<\/p>\n<p class=\" wall-content\">Un \u00e9v\u00e9nement qui est organis\u00e9 dans le cadre de la <strong>21\u1d49 <a href=\"https:\/\/actu.fr\/occitanie\/toulouse_31555\/nuit-des-musees-a-toulouse-voici-10-idees-et-rendez-vous-a-ne-pas-manquer_61035000.html\" rel=\"nofollow noopener\" target=\"_blank\">Nuit europ\u00e9enne des mus\u00e9es<\/a><\/strong> avec l\u2019ouverture gratuite de plusieurs sites embl\u00e9matiques de 18h \u00e0 minuit (Chapelle de<strong> La Grave, Castelet, Monument \u00e0 la Gloire de la R\u00e9sistance, Chapelle des Carm\u00e9lites, Couvent des Jacobins, etc.<\/strong>).<\/p>\n<p class=\" wall-content\"><strong>Le Mus\u00e9um de Toulouse<\/strong> prolonge l\u2019\u00e9v\u00e9nement jusqu\u2019\u00e0 1h du matin autour du th\u00e8me des \u00ab\u2009g\u00e9ants\u2009\u00bb, avec performances artistiques, DJ sets et parcours lumineux.<\/p>\n<p class=\" wall-content\">D\u2019autres lieux comme <strong>le Quai des Abattoirs ou le Mus\u00e9e des Arts Pr\u00e9cieux Paul-Dupuy<\/strong> compl\u00e8tent l\u2019offre nocturne avec des expositions, animations festives et ateliers, faisant de la Nuit des Mus\u00e9es un v\u00e9ritable tour d\u2019horizon culturel de la ville.<\/p>\n<p><strong>Infos pratiques\u2009:<\/strong><br \/><strong>Adresse\u2009<\/strong>: \u00c9glise du Ges\u00f9 (entr\u00e9e place des Hauts-Murats, 22 bis rue des Fleurs, 31000 Toulouse)<br \/><strong>Horaires\u2009<\/strong>: samedi 17\u00a0mai 2025, 12h\u200900 \u00e0 00h\u200900<br \/><strong>Tarif\u2009<\/strong>: 5\u00a0\u20ac \u00b7 gratuit pour les \u2013 12\u00a0ans \u00b7 billetterie sur place, entr\u00e9e et sorties libres<br \/><strong>Infos\u2009<\/strong>: <a href=\"https:\/\/www.facebook.com\/eglisedugesutoulouse\" rel=\"nofollow noopener\" target=\"_blank\">page Facebook de l\u2019\u00c9glise du Ges\u00f9<\/a>\u00a0\/ <a href=\"https:\/\/convivencia.eu\/\" rel=\"nofollow noopener\" target=\"_blank\">site officiel Convivencia<\/a>.<\/p>\n<p class=\" wall-content\">Suivez toute l\u2019actualit\u00e9 de vos villes et m\u00e9dias favoris en vous inscrivant \u00e0 <a href=\"https:\/\/moncompte.actu.fr\" title=\"D\u00e9couvez Mon Actu\" rel=\"nofollow noopener\" data-trk=\"{&quot;cta&quot;:{&quot;action&quot;:&quot;https:\\\/\\\/moncompte.actu.fr&quot;,&quot;category&quot;:&quot;mon compte&quot;,&quot;from&quot;:&quot;article footer&quot;,&quot;name&quot;:&quot;Mon actu&quot;,&quot;type&quot;:&quot;cta&quot;}}\" target=\"_blank\">Mon Actu<\/a>.<\/p>\n","protected":false},"excerpt":{"rendered":"Par Romain Piccolo Publi\u00e9 le 15 mai 2025 \u00e0 20h06 Cet \u00e9v\u00e9nement propos\u00e9 au centre de Toulouse aura&hellip;\n","protected":false},"author":2,"featured_media":102749,"comment_status":"","ping_status":"","sticky":false,"template":"","format":"standard","meta":{"footnotes":""},"categories":[2816],"tags":[1111,11,1697,1777,674,1011,27,1652,12,2680,25,1341,2312,1090],"class_list":{"0":"post-102748","1":"post","2":"type-post","3":"status-publish","4":"format-standard","5":"has-post-thumbnail","7":"category-toulouse","8":"tag-actu","9":"tag-actualites","10":"tag-concert","11":"tag-eu","12":"tag-europe","13":"tag-fr","14":"tag-france","15":"tag-loisirs-culture","16":"tag-news","17":"tag-occitanie","18":"tag-republique-francaise","19":"tag-sortir-a-toulouse","20":"tag-toulouse","21":"tag-toulouse-metropole"},"share_on_mastodon":{"url":"https:\/\/pubeurope.com\/@fr\/114513700795717677","error":""},"_links":{"self":[{"href":"https:\/\/www.europesays.com\/fr\/wp-json\/wp\/v2\/posts\/102748","targetHints":{"allow":["GET"]}}],"collection":[{"href":"https:\/\/www.europesays.com\/fr\/wp-json\/wp\/v2\/posts"}],"about":[{"href":"https:\/\/www.europesays.com\/fr\/wp-json\/wp\/v2\/types\/post"}],"author":[{"embeddable":true,"href":"https:\/\/www.europesays.com\/fr\/wp-json\/wp\/v2\/users\/2"}],"replies":[{"embeddable":true,"href":"https:\/\/www.europesays.com\/fr\/wp-json\/wp\/v2\/comments?post=102748"}],"version-history":[{"count":0,"href":"https:\/\/www.europesays.com\/fr\/wp-json\/wp\/v2\/posts\/102748\/revisions"}],"wp:featuredmedia":[{"embeddable":true,"href":"https:\/\/www.europesays.com\/fr\/wp-json\/wp\/v2\/media\/102749"}],"wp:attachment":[{"href":"https:\/\/www.europesays.com\/fr\/wp-json\/wp\/v2\/media?parent=102748"}],"wp:term":[{"taxonomy":"category","embeddable":true,"href":"https:\/\/www.europesays.com\/fr\/wp-json\/wp\/v2\/categories?post=102748"},{"taxonomy":"post_tag","embeddable":true,"href":"https:\/\/www.europesays.com\/fr\/wp-json\/wp\/v2\/tags?post=102748"}],"curies":[{"name":"wp","href":"https:\/\/api.w.org\/{rel}","templated":true}]}}