{"id":10275,"date":"2025-04-08T13:14:23","date_gmt":"2025-04-08T13:14:23","guid":{"rendered":"https:\/\/www.europesays.com\/fr\/10275\/"},"modified":"2025-04-08T13:14:23","modified_gmt":"2025-04-08T13:14:23","slug":"les-lyonnais-de-dubai-en-vedette-dans-le-magazine-lyon-people","status":"publish","type":"post","link":"https:\/\/www.europesays.com\/fr\/10275\/","title":{"rendered":"Les Lyonnais de Duba\u00ef en vedette dans le magazine Lyon People &#8211;"},"content":{"rendered":"<p>\t\t\t\t<img fetchpriority=\"high\" decoding=\"async\" width=\"900\" height=\"900\" src=\"https:\/\/www.europesays.com\/fr\/wp-content\/uploads\/2025\/04\/Lyon-People-Dubai-insta.jpg\" alt=\"\" title=\"Lyon People Dubai insta\"   class=\"wp-image-158060\"\/><\/p>\n<p>Photos \u00a9 Alexandre Moulard et Office de Tourisme Duba\u00ef<\/p>\n<p><strong>Texte\u00a0: Marco Polisson, r\u00e9dacteur en chef<\/strong> \u2013 L\u2019herbe du d\u00e9sert duba\u00efote est-elle plus verte que les plantations \u00e9cologistes lyonnaises\u00a0? Oui, r\u00e9pondent les 10 compatriotes que nous sommes all\u00e9s rencontrer pour ce nouveau magazine.<\/p>\n<p><strong><img loading=\"lazy\" decoding=\"async\" class=\"lazy lazy-hidden  wp-image-158061 alignleft\" data-lazy-type=\"image\" src=\"https:\/\/www.europesays.com\/fr\/wp-content\/uploads\/2025\/04\/Justine-Ravetti-Dubai.jpg\" alt=\"\" width=\"138\" height=\"145\"\/>\u00c9vasion<\/strong>. Apr\u00e8s New-York, P\u00e9kin, Tokyo ou Miami, Lyon People s\u2019est lanc\u00e9 pour mission d\u2019investir les \u00c9mirats. Destination en vogue d\u2019un point de vue touristique, Duba\u00ef se mue \u00e9galement en terre promise pour une reconversion professionnelle. Les Lyonnais n\u2019y \u00e9chappent pas. Nous vous racontons leurs histoires.<br \/>Un dossier r\u00e9alis\u00e9 en partenariat avec la compagnie Emirates et l\u2019Office de Tourisme de Duba\u00ef.<br \/><strong>De nos envoy\u00e9s sp\u00e9ciaux\u00a0: Morgan Couturier (textes) et<\/strong> <strong>Alexandre Moulard (photos)<\/strong><\/p>\n<p><strong><img loading=\"lazy\" decoding=\"async\" class=\"lazy lazy-hidden  wp-image-158063 alignleft\" data-lazy-type=\"image\" src=\"https:\/\/www.europesays.com\/fr\/wp-content\/uploads\/2025\/04\/01-Christian-Boiron.jpg\" alt=\"\" width=\"137\" height=\"149\"\/>Interrogation. <\/strong>Apr\u00e8s un demi-si\u00e8cle \u00e0 la t\u00eate des laboratoires Boiron, Christian Boiron continue de prendre soin des autres (et accessoirement de lui-m\u00eame) par le biais des r\u00e9seaux sociaux. A 77 ans, il a conserv\u00e9 sa libert\u00e9 de parole dont il fait usage aujourd\u2019hui, avec humour et fermet\u00e9, au sujet de sa \u00ab\u00a0d\u00e9baptisation\u00a0\u00bb par la facult\u00e9 de m\u00e9decine de Lyon I. Un bonheur rare de le retrouver \u00e0 Sainte Foy Les Lyon pour un entretien exclusif.<br \/><strong>Propos recueillis par Marco Polisson et <\/strong><strong>Margaux Nourry\u2013 Photos L<\/strong><strong>yon People <\/strong><\/p>\n<p><strong>NUM\u00c9ROS A VENIR<br \/><\/strong><br \/><strong>MAI 2025 \u2013 DOSSIER SP\u00c9CIAL D\u00c9CO OUTDOOR<br \/><\/strong>L\u2019ext\u00e9rieur, notre nouvel int\u00e9rieur\u00a0? Textiles, luminaires, rev\u00eatements, mobilier, le meilleur de la d\u00e9co s\u2019invite dans Lyon People. C\u00f4t\u00e9 d\u00e9coration, la fronti\u00e8re entre int\u00e9rieur et ext\u00e9rieur est abolie, nous r\u00e9v\u00e8le la journaliste Sophie Guivarch.<br \/><strong>&gt; Si vous souhaitez \u00eatre pr\u00e9sent dans ce num\u00e9ro : <a href=\"https:\/\/www.lyonpeople.com\/actualites-lyon\/mailto:flavie@lyonpeople.com\" target=\"_blank\" rel=\"noopener\">flavie@lyonpeople.com<\/a><br \/><\/strong><br \/><strong>JUIN 2025 \u2013 DOSSIER PATRIMOINE DE BRON<br \/><\/strong>Apr\u00e8s Caluire et Tassin, la r\u00e9daction de Lyon People a entrepris de dresser l\u2019inventaire des villas et propri\u00e9t\u00e9s \u2013 toujours debout ou disparues \u2013 qui feront l\u2019objet d\u2019une pr\u00e9sentation architecturale et historique dans notre magazine de juin 2025, aux c\u00f4t\u00e9s des entreprises et des commerces de Bron. <a href=\"https:\/\/www.lyonpeople.com\/actualites-lyon\/actualites-culturelles-patrimoine\/votre-maison-dans-notre-numero-special-patrimoine-de-bron-2024-09-02.html\" target=\"_blank\" rel=\"noopener\"><strong>Le pitch complet ici.<\/strong> <\/a><br \/><strong>&gt; Si vous souhaitez \u00eatre pr\u00e9sent dans ce num\u00e9ro : <a href=\"https:\/\/www.lyonpeople.com\/actualites-lyon\/mailto:flavie@lyonpeople.com\" target=\"_blank\" rel=\"noopener\">flavie@lyonpeople.com<\/a><\/strong><\/p>\n<p><img loading=\"lazy\" decoding=\"async\" class=\"lazy lazy-hidden alignnone size-full wp-image-158059\" data-lazy-type=\"image\" src=\"https:\/\/www.europesays.com\/fr\/wp-content\/uploads\/2025\/04\/Lyon-People-Dubai-couverture.jpg\" alt=\"\" width=\"714\" height=\"900\"  \/><\/p>\n<p><strong>SOMMAIRE N\u00b0259 \u2013 88 pages <\/strong><\/p>\n<p><strong>\u00c9dito<br \/><\/strong>La Ville de Lyon explose ses d\u00e9penses de communication, par Marco Polisson<\/p>\n<p><strong>La vie lyonnaise<\/strong><br \/><a href=\"https:\/\/www.lyonpeople.com\/actualites-lyon\/lyon-people-en-danger-une-cagnotte-pour-aider-le-magazine-qui-defend-votre-ville-2025-04-07.html\" target=\"_blank\" rel=\"noopener\"><strong>Lyon People en danger<\/strong><\/a>, par Marco Polisson<br \/>Courrier des lecteurs<\/p>\n<p><strong>La vie politique<br \/><\/strong>Le saccage de l\u2019avenue des Fr\u00e8res Lumi\u00e8re comment\u00e9 par Evelyne Haguenauer, par Jocelyne Vidal<br \/>Municipales. Un tandem Pierre Olivier \u2013 Jean-Michel Aulas\u00a0?, par Marco Polisson<\/p>\n<p><strong>La vie juridique<br \/><\/strong>Le cabinet d\u2019avocats de Claire Strulovici, par Jocelyne Vidal\u00a0<br \/>Le cabinet Bismuth devient adValoria Avocats, par Morgan Couturier<br \/>Akelys Avocats. Adeline Moussa, nouvelle associ\u00e9e Impulsion<\/p>\n<p><strong>La vie \u00e9conomique<br \/><\/strong>MoTown, le nouveau paradis des motards, par Morgan Couturier<br \/>Les nouveaut\u00e9s du Centre Commercial Confluence<br \/><strong><br \/>La vie culturelle<br \/><\/strong>Le Printemps de P\u00e9rouges, par Margaux Nourry<br \/>Festival Mauvais Gones<br \/>L\u2019art floral \u00e0 la Collection Tomaselli<br \/>\u00c0 livres ouverts, par Jacques Bruyas<\/p>\n<p><strong>La vie \u00e9v\u00e8nementielle<\/strong><br \/>Pignol s\u2019installe au Ch\u00e2teau de Saint-Priest, par Morgan Couturier<\/p>\n<p><strong>La vie gastronomique<br \/><\/strong>Les Cuisines Bernollin invitent \u00ab\u00a0Le Casse-Vin\u00a0\u00bb<br \/><strong><br \/>INTERVIEW EXCLUSIVE<br \/><\/strong><strong>CHRISTIAN BOIRON<br \/><\/strong><strong>\u00ab\u00a0Le projet de Lyon Sud\u00a0? C\u2019est de la m\u00e9chancet\u00e9 gratuite\u00a0!\u00a0\u00bb<br \/><\/strong>Propos recueillis par Marco Polisson<\/p>\n<p><strong>CAFE DES LYONNES<br \/><\/strong><strong>Laurence Oppermann<br \/><\/strong>R\u00e9daction\u00a0: Alexandra Carraz-Ceseli<\/p>\n<p><strong>DOSSIER<br \/><\/strong><strong>LES LYONNAIS DE DUBA\u00cf<br \/><\/strong>De nos envoy\u00e9s sp\u00e9ciaux Alexandre Moulard et Morgan Couturier<\/p>\n<p><strong>Style Gastronomie<\/strong><br \/>Top des adresses gourmandes<\/p>\n<p><strong>People Sport<br \/><\/strong>LOU Rugby \u2013 Vannes, par Jean-Marie Nauleau<br \/><strong>Les 7 \u00e9v\u00e8nements qu\u2019il ne fallait pas manquer<br \/><\/strong>L\u2019\u00c9quipe des Lyonnes \u2013 Barreau de Lyon<br \/>Soir\u00e9e Porsche Ladies \u2013 The Village<br \/>Remise des dipl\u00f4mes HYBRIA \u2013 Palais de la Bourse<br \/>Inauguration Scotch &amp; Soda \u2013 Rue Tupin<br \/>Pr\u00e9sentation Hyundai \u00a0\u2013 Azar Discoth\u00e8que<br \/>AG des Toques Blanches Lyonnaises \u2013 Institut Paul Bocuse<br \/>D\u00eener de gala 2500 voix \u2013 Mariott H\u00f4tel<br \/><strong>Carnet mondain<br \/><\/strong>Naissance<br \/>Disparitions<br \/>Nominations<br \/>Distinctions<br \/>Georges Blanc perd sa 3\u00e8me \u00e9toile<\/p>\n","protected":false},"excerpt":{"rendered":"Photos \u00a9 Alexandre Moulard et Office de Tourisme Duba\u00ef Texte\u00a0: Marco Polisson, r\u00e9dacteur en chef \u2013 L\u2019herbe du&hellip;\n","protected":false},"author":2,"featured_media":10276,"comment_status":"","ping_status":"","sticky":false,"template":"","format":"standard","meta":{"footnotes":""},"categories":[1889],"tags":[4257,1111,11,2430,5017,1777,674,1011,27,2428,5018,12,25],"class_list":{"0":"post-10275","1":"post","2":"type-post","3":"status-publish","4":"format-standard","5":"has-post-thumbnail","7":"category-lyon","8":"tag-0top","9":"tag-actu","10":"tag-actualites","11":"tag-auvergne-rhone-alpes","12":"tag-dubai","13":"tag-eu","14":"tag-europe","15":"tag-fr","16":"tag-france","17":"tag-lyon","18":"tag-lyon-people","19":"tag-news","20":"tag-republique-francaise"},"share_on_mastodon":{"url":"https:\/\/pubeurope.com\/@fr\/114302527977648356","error":""},"_links":{"self":[{"href":"https:\/\/www.europesays.com\/fr\/wp-json\/wp\/v2\/posts\/10275","targetHints":{"allow":["GET"]}}],"collection":[{"href":"https:\/\/www.europesays.com\/fr\/wp-json\/wp\/v2\/posts"}],"about":[{"href":"https:\/\/www.europesays.com\/fr\/wp-json\/wp\/v2\/types\/post"}],"author":[{"embeddable":true,"href":"https:\/\/www.europesays.com\/fr\/wp-json\/wp\/v2\/users\/2"}],"replies":[{"embeddable":true,"href":"https:\/\/www.europesays.com\/fr\/wp-json\/wp\/v2\/comments?post=10275"}],"version-history":[{"count":0,"href":"https:\/\/www.europesays.com\/fr\/wp-json\/wp\/v2\/posts\/10275\/revisions"}],"wp:featuredmedia":[{"embeddable":true,"href":"https:\/\/www.europesays.com\/fr\/wp-json\/wp\/v2\/media\/10276"}],"wp:attachment":[{"href":"https:\/\/www.europesays.com\/fr\/wp-json\/wp\/v2\/media?parent=10275"}],"wp:term":[{"taxonomy":"category","embeddable":true,"href":"https:\/\/www.europesays.com\/fr\/wp-json\/wp\/v2\/categories?post=10275"},{"taxonomy":"post_tag","embeddable":true,"href":"https:\/\/www.europesays.com\/fr\/wp-json\/wp\/v2\/tags?post=10275"}],"curies":[{"name":"wp","href":"https:\/\/api.w.org\/{rel}","templated":true}]}}