{"id":102750,"date":"2025-05-15T20:19:08","date_gmt":"2025-05-15T20:19:08","guid":{"rendered":"https:\/\/www.europesays.com\/fr\/102750\/"},"modified":"2025-05-15T20:19:08","modified_gmt":"2025-05-15T20:19:08","slug":"toulouse-kalash-lacrim-tiakola-ambiance-interstellaire-dans-cette-discotheque-avec-une-serie-de-showcase","status":"publish","type":"post","link":"https:\/\/www.europesays.com\/fr\/102750\/","title":{"rendered":"Toulouse. Kalash, Lacrim, Tiakola&#8230; Ambiance interstellaire dans cette discoth\u00e8que avec une s\u00e9rie de showcase"},"content":{"rendered":"<p>            Par<br \/>\n        <strong><br \/>\n            <a href=\"https:\/\/actu.fr\/auteur\/nina-hossein-zadeh\" title=\"Consulter tous les articles de Nina Hossein-Zadeh\" rel=\"nofollow noopener\" target=\"_blank\">Nina Hossein-Zadeh<\/a><br \/>\n        <\/strong><\/p>\n<p>        Publi\u00e9 le<\/p>\n<p>            15 mai 2025 \u00e0 20h13        <\/p>\n<p>La Guerre des \u00c9toiles fait son retour\u2009! Et ce n\u2019est pas dans un film que \u00e7a se joue, mais bel et bien<a href=\"https:\/\/actu.fr\/toulouse\/\" rel=\"nofollow noopener\" target=\"_blank\"><strong> \u00e0 Toulouse<\/strong><\/a>, dans <a href=\"https:\/\/actu.fr\/occitanie\/toulouse_31555\/toulouse-une-legende-du-rap-en-concert-dans-une-discotheque-de-la-ville-rose_61353752.html\" rel=\"nofollow noopener\" target=\"_blank\"><strong>la discoth\u00e8que L\u2019\u00c9toile<\/strong><\/a>, situ\u00e9e boulevard d\u2019Atlanta. D\u00e8s le 16\u00a0mai 2025, l\u2019\u00e9tablissement propose une s\u00e9rie d\u2019\u00e9v\u00e9nements in\u00e9dits \u00e0 retrouver tous les vendredis jusqu\u2019\u00e0 fin juin. Voici ce qu\u2019il faut savoir.<\/p>\n<p>Des artistes 5 \u00e9toiles<\/p>\n<p class=\" wall-content\">Cette Guerre des \u00c9toiles va se faire sur sc\u00e8ne, <strong>autour d\u2019artistes de renom<\/strong>. 8 showcases sont d\u2019ores et d\u00e9j\u00e0 pr\u00e9vus, ainsi que deux live set. Sur la sc\u00e8ne, plusieurs figures des sc\u00e8nes urbaine et rap actuelles vont se succ\u00e9der.<\/p>\n<p class=\" wall-content\"><strong>Tiakola, L2B, Kalash, DJ Leska, Lacrim, Triangle de Bermudes, Werenoi, DJ Did<\/strong> ont d\u00e9j\u00e0 r\u00e9pondu pr\u00e9sents. D\u2019autres surprises sont attendues pour \u00ab\u2009offrir des showcases exceptionnels\u2009\u00bb.<\/p>\n<p>Des \u00e9toiles filantes en guise de lumi\u00e8res<\/p>\n<p class=\" wall-content\">Pour la soir\u00e9e de lancement, Tiakola, un rappeur fran\u00e7ais connu \u00e0 l\u2019international, viendra mettre l\u2019ambiance, mais d\u2019autres surprises attendent les f\u00eatards.<\/p>\n<p>    <a href=\"https:\/\/www.facebook.com\/plugins\/post.php?href=https%3A%2F%2Fwww.facebook.com%2Fletoileclubtoulouse%2Fposts%2Fpfbid0qEemzG1u8Vf9TnPwwAVLxid4BoUdnYn3QeQWXCih5NgWTN6TLjXcU7w6qi3F2phVl&amp;show_text=true&amp;width=350\" title=\"Ouvrie le lien\" rel=\"nofollow noopener\" target=\"_blank\">Cliquez ici pour visualiser le contenu<\/a><\/p>\n<p>Vid\u00e9os : en ce moment sur Actu<\/p>\n<p class=\" wall-content\">En effet, avec la Guerre des \u00c9toiles, l\u2019\u00e9tablissement a mis les petits plats dans les grands\u2009! L\u2019ambiance promet de faire voyager dans l\u2019espace. Tout va se jouer <strong>autour d\u2019un spectacle de lumi\u00e8res\u2026<\/strong> De quoi danser et passer des vendredis soir m\u00e9morables.<\/p>\n<p class=\" wall-content\">Pour profiter pleinement de chaque soir\u00e9e, il faudra n\u00e9anmoins penser \u00e0 r\u00e9server<a href=\"https:\/\/etoile-toulouse.com\/billetterie\/\" rel=\"nofollow noopener\" target=\"_blank\"> sa place sur le site en ligne<\/a>.<\/p>\n<p>L\u2019Etoile<br \/>2 avenue d\u2019Atlanta<\/p>\n<p class=\" wall-content\">Suivez toute l\u2019actualit\u00e9 de vos villes et m\u00e9dias favoris en vous inscrivant \u00e0 <a href=\"https:\/\/moncompte.actu.fr\" title=\"D\u00e9couvez Mon Actu\" rel=\"nofollow noopener\" data-trk=\"{&quot;cta&quot;:{&quot;action&quot;:&quot;https:\\\/\\\/moncompte.actu.fr&quot;,&quot;category&quot;:&quot;mon compte&quot;,&quot;from&quot;:&quot;article footer&quot;,&quot;name&quot;:&quot;Mon actu&quot;,&quot;type&quot;:&quot;cta&quot;}}\" target=\"_blank\">Mon Actu<\/a>.<\/p>\n","protected":false},"excerpt":{"rendered":"Par Nina Hossein-Zadeh Publi\u00e9 le 15 mai 2025 \u00e0 20h13 La Guerre des \u00c9toiles fait son retour\u2009! Et&hellip;\n","protected":false},"author":2,"featured_media":102751,"comment_status":"","ping_status":"","sticky":false,"template":"","format":"standard","meta":{"footnotes":""},"categories":[2816],"tags":[1111,11,1777,674,1011,27,12,2680,25,104,1341,2312],"class_list":{"0":"post-102750","1":"post","2":"type-post","3":"status-publish","4":"format-standard","5":"has-post-thumbnail","7":"category-toulouse","8":"tag-actu","9":"tag-actualites","10":"tag-eu","11":"tag-europe","12":"tag-fr","13":"tag-france","14":"tag-news","15":"tag-occitanie","16":"tag-republique-francaise","17":"tag-societe","18":"tag-sortir-a-toulouse","19":"tag-toulouse"},"share_on_mastodon":{"url":"https:\/\/pubeurope.com\/@fr\/114513704697216155","error":""},"_links":{"self":[{"href":"https:\/\/www.europesays.com\/fr\/wp-json\/wp\/v2\/posts\/102750","targetHints":{"allow":["GET"]}}],"collection":[{"href":"https:\/\/www.europesays.com\/fr\/wp-json\/wp\/v2\/posts"}],"about":[{"href":"https:\/\/www.europesays.com\/fr\/wp-json\/wp\/v2\/types\/post"}],"author":[{"embeddable":true,"href":"https:\/\/www.europesays.com\/fr\/wp-json\/wp\/v2\/users\/2"}],"replies":[{"embeddable":true,"href":"https:\/\/www.europesays.com\/fr\/wp-json\/wp\/v2\/comments?post=102750"}],"version-history":[{"count":0,"href":"https:\/\/www.europesays.com\/fr\/wp-json\/wp\/v2\/posts\/102750\/revisions"}],"wp:featuredmedia":[{"embeddable":true,"href":"https:\/\/www.europesays.com\/fr\/wp-json\/wp\/v2\/media\/102751"}],"wp:attachment":[{"href":"https:\/\/www.europesays.com\/fr\/wp-json\/wp\/v2\/media?parent=102750"}],"wp:term":[{"taxonomy":"category","embeddable":true,"href":"https:\/\/www.europesays.com\/fr\/wp-json\/wp\/v2\/categories?post=102750"},{"taxonomy":"post_tag","embeddable":true,"href":"https:\/\/www.europesays.com\/fr\/wp-json\/wp\/v2\/tags?post=102750"}],"curies":[{"name":"wp","href":"https:\/\/api.w.org\/{rel}","templated":true}]}}