{"id":102762,"date":"2025-05-15T20:25:34","date_gmt":"2025-05-15T20:25:34","guid":{"rendered":"https:\/\/www.europesays.com\/fr\/102762\/"},"modified":"2025-05-15T20:25:34","modified_gmt":"2025-05-15T20:25:34","slug":"dua-lipa-apercue-dans-lyon-la-star-envoie-un-message-aux-lyonnais-avant-ses-concerts","status":"publish","type":"post","link":"https:\/\/www.europesays.com\/fr\/102762\/","title":{"rendered":"Dua Lipa aper\u00e7ue dans Lyon, la star envoie un message aux Lyonnais avant ses concerts"},"content":{"rendered":"<p>            Par<br \/>\n        <strong><br \/>\n            <a href=\"https:\/\/actu.fr\/auteur\/redaction-lyon\" title=\"Consulter tous les articles de R\u00e9daction Lyon\" rel=\"nofollow noopener\" target=\"_blank\">R\u00e9daction Lyon<\/a><br \/>\n        <\/strong><\/p>\n<p>        Publi\u00e9 le<\/p>\n<p>            15 mai 2025 \u00e0 19h18        <\/p>\n<p>Quelques heures avant son premier concert lyonnais, la m\u00e9ga star de la pop <a href=\"https:\/\/actu.fr\/auvergne-rhone-alpes\/lyon_69123\/dua-lipa-en-concert-a-la-ldlc-arena-de-lyon-l-enorme-star-arrive-tout-savoir_62638812.html\" rel=\"nofollow noopener\" target=\"_blank\">Dua Lipa<\/a> s\u2019est offert un peu de repos. La chanteuse doit donner un premier concert ce jeudi 15 mai avant un deuxi\u00e8me vendredi \u00e0 la <a href=\"https:\/\/actu.fr\/tag\/ldlc-arena\" rel=\"nofollow noopener\" target=\"_blank\">LDLC Arena<\/a> de D\u00e9cines-Charpieu dans la m\u00e9tropole de <a href=\"https:\/\/actu.fr\/auvergne-rhone-alpes\/lyon_69123\" rel=\"nofollow noopener\" target=\"_blank\">Lyon<\/a>. Les deux dates affichent complet et les fans attendent avec impatience ses deux shows.<\/p>\n<p>Un pique-nique au parc de la T\u00eate d\u2019or ?<\/p>\n<p class=\" wall-content\">C\u2019est sur les r\u00e9seaux sociaux o\u00f9 elle est tr\u00e8s active et surtout tr\u00e8s suivie qu\u2019elle a envoy\u00e9 des \u00ab\u00a0cartes postales\u00a0\u00bb \u00e0 son public.<\/p>\n<p class=\" wall-content\">L\u2019artiste britannique, qui revient dans la ville, s\u2019est prise en photo dans des story Instagram en train de pique-niquer dans un parc lyonnais, sans indiquer lequel, o\u00f9 elle profite du grand air et du soleil. Les fans s\u2019emballent sur les r\u00e9seaux en affirmant qu\u2019il s\u2019agit du parc de la T\u00eate d\u2019or (6e arrondissement).<\/p>\n<p class=\" wall-content\">\n<p>Des fraises, du fromage et un couteau \u00ab\u00a0I love Lyon\u00a0\u00bb<\/p>\n<p class=\" wall-content\">Sur ses story partag\u00e9es avec plus de 84 millions d\u2019abonn\u00e9s dans le monde, on voit son visage cach\u00e9 par une fraise. Assise sur l\u2019herbe, elle d\u00e9guste des tomates, des framboises, de la cr\u00e8me fouett\u00e9e ou encore du fromage. Un clin d\u2019oeil \u00e0 la France qu\u2019elle aime particuli\u00e8rement.\u00a0<\/p>\n<p>Vid\u00e9os : en ce moment sur Actu<\/p>\n<p class=\" wall-content\">\n<p class=\" wall-content\">Elle a partag\u00e9 une autre photo o\u00f9 on voit un couteau dont le manche est grav\u00e9 avec un message qui va ravir les Lyonnais : \u2018\u00a0\u00bbI Love Lyon. France\u00a0\u00bb et un visage de <a href=\"https:\/\/actu.fr\/auvergne-rhone-alpes\/lyon_69123\/dans-le-vieux-lyon-ce-theatre-pittoresque-fait-vivre-la-tradition-guignol-depuis-1965_62341983.html\" rel=\"nofollow noopener\" target=\"_blank\">Guignol<\/a>, c\u00e9l\u00e8bre symbole de la ville.\u00a0<\/p>\n<p class=\" wall-content\">Juste avant Lyon, la star \u00e9tait en concert \u00e0 Madrid o\u00f9 elle a aussi pass\u00e9 du bon temps en touriste. Sur Instagram, on la voit en photo sur une terrasse, dans un restaurant, et surtout dans un mus\u00e9e de la capitale espagnole. Va-t-elle faire la m\u00eame chose \u00e0 Lyon en profitant de la ville entre ses deux concerts ? R\u00e9ponse dans les prochaines heures\u2026<\/p>\n<p class=\" wall-content\">Suivez toute l\u2019actualit\u00e9 de vos villes et m\u00e9dias favoris en vous inscrivant \u00e0 <a href=\"https:\/\/moncompte.actu.fr\" title=\"D\u00e9couvez Mon Actu\" rel=\"nofollow noopener\" data-trk=\"{&quot;cta&quot;:{&quot;action&quot;:&quot;https:\\\/\\\/moncompte.actu.fr&quot;,&quot;category&quot;:&quot;mon compte&quot;,&quot;from&quot;:&quot;article footer&quot;,&quot;name&quot;:&quot;Mon actu&quot;,&quot;type&quot;:&quot;cta&quot;}}\" target=\"_blank\">Mon Actu<\/a>.<\/p>\n","protected":false},"excerpt":{"rendered":"Par R\u00e9daction Lyon Publi\u00e9 le 15 mai 2025 \u00e0 19h18 Quelques heures avant son premier concert lyonnais, la&hellip;\n","protected":false},"author":2,"featured_media":102763,"comment_status":"","ping_status":"","sticky":false,"template":"","format":"standard","meta":{"footnotes":""},"categories":[1889],"tags":[1111,11,2430,1697,1777,674,1011,27,7602,1652,2428,12,25],"class_list":{"0":"post-102762","1":"post","2":"type-post","3":"status-publish","4":"format-standard","5":"has-post-thumbnail","7":"category-lyon","8":"tag-actu","9":"tag-actualites","10":"tag-auvergne-rhone-alpes","11":"tag-concert","12":"tag-eu","13":"tag-europe","14":"tag-fr","15":"tag-france","16":"tag-ldlc-arena","17":"tag-loisirs-culture","18":"tag-lyon","19":"tag-news","20":"tag-republique-francaise"},"share_on_mastodon":{"url":"https:\/\/pubeurope.com\/@fr\/114513728191194312","error":""},"_links":{"self":[{"href":"https:\/\/www.europesays.com\/fr\/wp-json\/wp\/v2\/posts\/102762","targetHints":{"allow":["GET"]}}],"collection":[{"href":"https:\/\/www.europesays.com\/fr\/wp-json\/wp\/v2\/posts"}],"about":[{"href":"https:\/\/www.europesays.com\/fr\/wp-json\/wp\/v2\/types\/post"}],"author":[{"embeddable":true,"href":"https:\/\/www.europesays.com\/fr\/wp-json\/wp\/v2\/users\/2"}],"replies":[{"embeddable":true,"href":"https:\/\/www.europesays.com\/fr\/wp-json\/wp\/v2\/comments?post=102762"}],"version-history":[{"count":0,"href":"https:\/\/www.europesays.com\/fr\/wp-json\/wp\/v2\/posts\/102762\/revisions"}],"wp:featuredmedia":[{"embeddable":true,"href":"https:\/\/www.europesays.com\/fr\/wp-json\/wp\/v2\/media\/102763"}],"wp:attachment":[{"href":"https:\/\/www.europesays.com\/fr\/wp-json\/wp\/v2\/media?parent=102762"}],"wp:term":[{"taxonomy":"category","embeddable":true,"href":"https:\/\/www.europesays.com\/fr\/wp-json\/wp\/v2\/categories?post=102762"},{"taxonomy":"post_tag","embeddable":true,"href":"https:\/\/www.europesays.com\/fr\/wp-json\/wp\/v2\/tags?post=102762"}],"curies":[{"name":"wp","href":"https:\/\/api.w.org\/{rel}","templated":true}]}}