{"id":10277,"date":"2025-04-08T13:15:12","date_gmt":"2025-04-08T13:15:12","guid":{"rendered":"https:\/\/www.europesays.com\/fr\/10277\/"},"modified":"2025-04-08T13:15:12","modified_gmt":"2025-04-08T13:15:12","slug":"issy-les-moulineaux-modele-de-transformation-urbaine-en-ile-de-france","status":"publish","type":"post","link":"https:\/\/www.europesays.com\/fr\/10277\/","title":{"rendered":"Issy-les-Moulineaux, mod\u00e8le de transformation urbaine en \u00cele-de-France"},"content":{"rendered":"<p><img loading=\"lazy\" decoding=\"async\" alt=\"\u00a9 Shutterstock - La ville d\u2019Issy-les-Moulineaux est en pleine mutation urbaine, largement dop\u00e9e ces derni\u00e8res ann\u00e9es par l\u2019arriv\u00e9e prochaine de la ligne 15 du Grand Paris Express.\" data-zoom-src=\"https:\/\/www.europesays.com\/fr\/wp-content\/uploads\/2025\/04\/initial-ville-issy-les-moulineaux.jpg\" data-zoomable=\"\" height=\"702\" src=\"https:\/\/www.europesays.com\/fr\/wp-content\/uploads\/2025\/04\/initial-ville-issy-les-moulineaux.jpg\" width=\"1248\"\/>  <\/p>\n<p class=\"article-desc\">\u00a9 Shutterstock &#8211; La ville d\u2019Issy-les-Moulineaux est en pleine mutation urbaine, largement dop\u00e9e ces derni\u00e8res ann\u00e9es par l\u2019arriv\u00e9e prochaine de la ligne 15 du Grand Paris Express. <\/p>\n<p>Autrefois terre industrielle et ouvri\u00e8re, <a href=\"https:\/\/mesinfos.fr\/92130-issy-les-moulineaux\/issy-les-moulineaux-l-ancien-siege-de-france-5-renait-de-ses-cendres-209420.html\" rel=\"noopener nofollow\" target=\"_blank\">Issy-les-Moulineaux<\/a> s&rsquo;est impos\u00e9e comme l&rsquo;un des symboles de la <strong>mutation urbaine<\/strong> en \u00cele-de-France. Aujourd&rsquo;hui, cette commune des Hauts-de-Seine conjugue patrimoine, innovation technologique et d\u00e9veloppement durable, attirant aussi bien les entreprises du num\u00e9rique que les amateurs d&rsquo;urbanisme futuriste. <\/p>\n<p>La modernisation de la gare d&rsquo;Issy <\/p>\n<p>Un des projets structurants de cette <strong>transformation urbaine<\/strong> est la <strong>modernisation<\/strong> de la gare d&rsquo;Issy. Situ\u00e9e sur la ligne C du RER, cette gare est un point n\u00e9vralgique de la mobilit\u00e9 locale. Des travaux d\u2019agrandissement et d\u2019am\u00e9lioration de l\u2019accessibilit\u00e9 sont en cours afin de r\u00e9pondre \u00e0 l\u2019augmentation du nombre de voyageurs et de faciliter les correspondances avec les autres modes de transport. <\/p>\n<p>Avec l\u2019arriv\u00e9e du prolongement de la ligne 15 du <a href=\"https:\/\/mesinfos.fr\/75000-paris\/grand-paris-express-un-groupement-designe-pour-les-commerces-des-gares-217713.html\" rel=\"noopener nofollow\" target=\"_blank\">Grand Paris Express<\/a>, la gare d\u2019Issy jouera un r\u00f4le cl\u00e9 dans le d\u00e9veloppement \u00e9conomique et r\u00e9sidentiel de la commune. Les travaux pr\u00e9voient une refonte compl\u00e8te des infrastructures, incluant des am\u00e9nagements pour favoriser les mobilit\u00e9s douces, des espaces verts autour de la gare et une meilleure int\u00e9gration des flux de passagers.<\/p>\n<p> <img decoding=\"async\" alt=\"\" data-zoomable=\"\" height=\"600\" loading=\"lazy\" src=\"https:\/\/www.europesays.com\/fr\/wp-content\/uploads\/2025\/04\/transport-dans-la-ville-d-issy-les-moulineaux.jpg\" width=\"800\"\/> \u00a9 Shutterstock &#8211; Situ\u00e9e sur la ligne C du RER, la gare d&rsquo;issy est un point n\u00e9vralgique de la mobilit\u00e9 locale.\u00a0 <\/p>\n<p>L\u2019arriv\u00e9e de la ligne 15 sud \u00e0 <strong>Issy-les-Moulineaux<\/strong> s\u2019accompagne d\u2019importantes transformations urbaines aux abords de la future gare, au travers de la ZAC L\u00e9on Blum situ\u00e9e sur la partie basse du quartier et au nord de la ligne a\u00e9rienne du RER C. Ces transformations s\u2019accompagnent \u00e9galement de la r\u00e9alisation d\u2019un groupe scolaire et d\u2019un centre socioculturel dans le quartier des Epinettes.<\/p>\n<p>  Une histoire industrielle marquante <\/p>\n<p>Jusqu&rsquo;\u00e0 la seconde moiti\u00e9 du XXe si\u00e8cle, Issy-les-Moulineaux \u00e9tait une ville marqu\u00e9e par son <strong>pass\u00e9 industriel<\/strong>. Ancien bastion des usines Renault et du secteur a\u00e9ronautique, la ville a longtemps abrit\u00e9 une importante population ouvri\u00e8re. Les chantiers navals, les fabriques de locomotives et les ateliers d\u2019aviation y ont prosp\u00e9r\u00e9 avant de progressivement laisser place \u00e0 la tertiarisation de l&rsquo;\u00e9conomie locale. <\/p>\n<p>La m\u00e9tamorphose d&rsquo;Issy en p\u00f4le technologique <\/p>\n<p>D\u00e8s les ann\u00e9es 1990, Issy-les-Moulineaux amorce une <strong>transformation spectaculaire<\/strong>. Sous l&rsquo;impulsion de politiques locales ambitieuses, la ville devient un terrain d&rsquo;exp\u00e9rimentation pour les nouvelles technologies et un hub pour les entreprises du num\u00e9rique. Aujourd&rsquo;hui, de grandes firmes comme Microsoft, Orange et Cisco y ont install\u00e9 leurs si\u00e8ges sociaux, contribuant \u00e0 faire d\u2019Issy un p\u00f4le incontournable de la French Tech. <\/p>\n<p>Par ailleurs, la municipalit\u00e9 a mis en place un syst\u00e8me de gestion intelligente de la ville (<a href=\"https:\/\/mesinfos.fr\/auvergne-rhone-alpes\/salon-smart-city-grenoble-alpes-est-le-territoire-francais-le-plus-represente-187007.html\" rel=\"noopener nofollow\" target=\"_blank\">smart city<\/a>), avec notamment des r\u00e9seaux d\u2019\u00e9nergie optimis\u00e9s, un urbanisme adapt\u00e9 aux enjeux environnementaux et une d\u00e9mocratie locale renforc\u00e9e par des outils num\u00e9riques.<\/p>\n<p> Mod\u00e8le d\u2019urbanisme durable et r\u00e9elle identit\u00e9 culturelle <\/p>\n<p>En parall\u00e8le de cette r\u00e9volution technologique, Issy-les-Moulineaux a su pr\u00e9server une place importante pour l\u2019<strong>\u00e9cologie urbain<\/strong>e. Les nouveaux quartiers comme Fort d\u2019Issy ou <strong>Issy C\u0153ur de Ville<\/strong> sont pens\u00e9s autour du d\u00e9veloppement durable, avec des \u00e9coquartiers dot\u00e9s d\u2019immeubles basse consommation, de mobilit\u00e9 douce et d&rsquo;espaces verts repens\u00e9s. <\/p>\n<p>Ces initiatives r\u00e9pondent \u00e0 une volont\u00e9 de rendre la ville plus r\u00e9siliente face aux d\u00e9fis climatiques, tout en am\u00e9liorant le cadre de vie de ses habitants. L&rsquo;utilisation des nouvelles technologies permet \u00e9galement d&rsquo;optimiser la gestion des d\u00e9chets, de surveiller la consommation \u00e9nerg\u00e9tique et d&rsquo;am\u00e9liorer la fluidit\u00e9 du trafic urbain. <\/p>\n<p>Malgr\u00e9 son ancrage dans le futur, Issy-les-Moulineaux n&rsquo;oublie pas son pass\u00e9. De nombreux lieux embl\u00e9matiques rappellent l\u2019histoire de la ville, \u00e0 l&rsquo;image du Mus\u00e9e Fran\u00e7ais de la Carte \u00e0 Jouer, qui t\u00e9moigne du pass\u00e9 artistique et artisanal d&rsquo;Issy. L&rsquo;ancien <strong>Fort d&rsquo;Issy<\/strong>, reconverti en \u00e9coquartier, reste un symbole de cette harmonie entre pass\u00e9 militaire et avenir \u00e9cologique.<\/p>\n","protected":false},"excerpt":{"rendered":"\u00a9 Shutterstock &#8211; La ville d\u2019Issy-les-Moulineaux est en pleine mutation urbaine, largement dop\u00e9e ces derni\u00e8res ann\u00e9es par l\u2019arriv\u00e9e&hellip;\n","protected":false},"author":2,"featured_media":10278,"comment_status":"","ping_status":"","sticky":false,"template":"","format":"standard","meta":{"footnotes":""},"categories":[1592],"tags":[1111,11,1777,674,1011,27,662,12,626,25,1352],"class_list":{"0":"post-10277","1":"post","2":"type-post","3":"status-publish","4":"format-standard","5":"has-post-thumbnail","7":"category-ile-de-france","8":"tag-actu","9":"tag-actualites","10":"tag-eu","11":"tag-europe","12":"tag-fr","13":"tag-france","14":"tag-ile-de-france","15":"tag-news","16":"tag-paris","17":"tag-republique-francaise","18":"tag-urbanisme"},"share_on_mastodon":{"url":"https:\/\/pubeurope.com\/@fr\/114302531867464175","error":""},"_links":{"self":[{"href":"https:\/\/www.europesays.com\/fr\/wp-json\/wp\/v2\/posts\/10277","targetHints":{"allow":["GET"]}}],"collection":[{"href":"https:\/\/www.europesays.com\/fr\/wp-json\/wp\/v2\/posts"}],"about":[{"href":"https:\/\/www.europesays.com\/fr\/wp-json\/wp\/v2\/types\/post"}],"author":[{"embeddable":true,"href":"https:\/\/www.europesays.com\/fr\/wp-json\/wp\/v2\/users\/2"}],"replies":[{"embeddable":true,"href":"https:\/\/www.europesays.com\/fr\/wp-json\/wp\/v2\/comments?post=10277"}],"version-history":[{"count":0,"href":"https:\/\/www.europesays.com\/fr\/wp-json\/wp\/v2\/posts\/10277\/revisions"}],"wp:featuredmedia":[{"embeddable":true,"href":"https:\/\/www.europesays.com\/fr\/wp-json\/wp\/v2\/media\/10278"}],"wp:attachment":[{"href":"https:\/\/www.europesays.com\/fr\/wp-json\/wp\/v2\/media?parent=10277"}],"wp:term":[{"taxonomy":"category","embeddable":true,"href":"https:\/\/www.europesays.com\/fr\/wp-json\/wp\/v2\/categories?post=10277"},{"taxonomy":"post_tag","embeddable":true,"href":"https:\/\/www.europesays.com\/fr\/wp-json\/wp\/v2\/tags?post=10277"}],"curies":[{"name":"wp","href":"https:\/\/api.w.org\/{rel}","templated":true}]}}