{"id":102775,"date":"2025-05-15T20:33:12","date_gmt":"2025-05-15T20:33:12","guid":{"rendered":"https:\/\/www.europesays.com\/fr\/102775\/"},"modified":"2025-05-15T20:33:12","modified_gmt":"2025-05-15T20:33:12","slug":"guerre-en-ukraine-gaza-pauvrete-emmanuel-macron-a-echange-pour-la-premiere-fois-avec-le-nouveau-pape","status":"publish","type":"post","link":"https:\/\/www.europesays.com\/fr\/102775\/","title":{"rendered":"Guerre en Ukraine, Gaza, pauvret\u00e9&#8230; Emmanuel Macron a \u00e9chang\u00e9 pour la premi\u00e8re fois avec le nouveau pape"},"content":{"rendered":"<p><img decoding=\"async\" class=\"caas-img caas-lazy has-preview\" src=\"https:\/\/www.europesays.com\/fr\/wp-content\/uploads\/2025\/05\/77f96e6c132c8323b9b4fb33367de552.jpeg\"\/><\/p>\n<p>Emmanuel Macron a indiqu\u00e9 jeudi avoir \u00ab\u00a0\u00e9chang\u00e9 pour la premi\u00e8re fois avec le <a data-i13n=\"cpos:1;pos:1\" href=\"https:\/\/fr.news.yahoo.com\/guerre-nest-jamais-in%C3%A9vitable-pape-145909044.html\" data-ylk=\"slk:pape L\u00e9on XIV;cpos:1;pos:1;elm:context_link;itc:0;sec:content-canvas;outcm:mb_qualified_link;_E:mb_qualified_link;ct:story;\" class=\"link  yahoo-link\" target=\"_blank\" rel=\"noopener\">pape L\u00e9on XIV<\/a>\u00a0\u00bb par t\u00e9l\u00e9phone, avec lequel il a \u00ab\u00a0abord\u00e9 les efforts \u00e0 mener pour faire taire les armes partout o\u00f9 les conflits s\u00e9vissent dans le monde, en particulier pour une paix solide et durable en Ukraine et \u00e0 Gaza\u00a0\u00bb.<\/p>\n<p>Emmanuel Macron \u00e9crit enfin que la France \u00ab\u00a0sera toujours aux c\u00f4t\u00e9s de ceux qui \u0153uvrent pour la paix, et le dialogue entre les peuples\u00a0\u00bb.<\/p>\n<p>Le pr\u00e9sident de la R\u00e9publique s&rsquo;\u00e9tait rendu aux obs\u00e8ques du pape Fran\u00e7ois, mort le 21 avril dernier des suites d&rsquo;un AVC. Il avait <a data-i13n=\"cpos:2;pos:1\" href=\"https:\/\/fr.news.yahoo.com\/moment-historique-l%C3%A9glise-catholique-emmanuel-191053380.html\" data-ylk=\"slk:f\u00e9licit\u00e9 l&#039;\u00e9lection du pape L\u00e9on XIV;cpos:2;pos:1;elm:context_link;itc:0;sec:content-canvas;outcm:mb_qualified_link;_E:mb_qualified_link;ct:story;\" class=\"link  yahoo-link\" target=\"_blank\" rel=\"noopener\">f\u00e9licit\u00e9 l&rsquo;\u00e9lection du pape L\u00e9on XIV<\/a> le 8 mai, \u00e9voquant un \u00ab\u00a0moment historique pour l&rsquo;\u00c9glise catholique\u00a0\u00bb.<\/p>\n<p><a data-i13n=\"cpos:3;pos:1\" href=\"https:\/\/www.bfmtv.com\/politique\/elysee\/guerre-en-ukraine-gaza-pauvrete-emmanuel-macron-a-echange-pour-la-premiere-fois-avec-le-nouveau-pape_AN-202505150805.html#xtor=AL-68\" rel=\"nofollow noopener\" target=\"_blank\" data-ylk=\"slk:Article original publi\u00e9 sur BFMTV.com;cpos:3;pos:1;elm:context_link;itc:0;sec:content-canvas\" class=\"link \">Article original publi\u00e9 sur BFMTV.com<\/a><\/p>\n","protected":false},"excerpt":{"rendered":"Emmanuel Macron a indiqu\u00e9 jeudi avoir \u00ab\u00a0\u00e9chang\u00e9 pour la premi\u00e8re fois avec le pape L\u00e9on XIV\u00a0\u00bb par t\u00e9l\u00e9phone,&hellip;\n","protected":false},"author":2,"featured_media":102776,"comment_status":"","ping_status":"","sticky":false,"template":"","format":"standard","meta":{"footnotes":""},"categories":[1590],"tags":[11,1073,1777,674,665,7243,12,4692,10253,220],"class_list":{"0":"post-102775","1":"post","2":"type-post","3":"status-publish","4":"format-standard","5":"has-post-thumbnail","7":"category-ukraine","8":"tag-actualites","9":"tag-emmanuel-macron","10":"tag-eu","11":"tag-europe","12":"tag-gaza","13":"tag-le-monde","14":"tag-news","15":"tag-pape-francois","16":"tag-president-de-la-republique","17":"tag-ukraine"},"share_on_mastodon":{"url":"https:\/\/pubeurope.com\/@fr\/114513759620237552","error":""},"_links":{"self":[{"href":"https:\/\/www.europesays.com\/fr\/wp-json\/wp\/v2\/posts\/102775","targetHints":{"allow":["GET"]}}],"collection":[{"href":"https:\/\/www.europesays.com\/fr\/wp-json\/wp\/v2\/posts"}],"about":[{"href":"https:\/\/www.europesays.com\/fr\/wp-json\/wp\/v2\/types\/post"}],"author":[{"embeddable":true,"href":"https:\/\/www.europesays.com\/fr\/wp-json\/wp\/v2\/users\/2"}],"replies":[{"embeddable":true,"href":"https:\/\/www.europesays.com\/fr\/wp-json\/wp\/v2\/comments?post=102775"}],"version-history":[{"count":0,"href":"https:\/\/www.europesays.com\/fr\/wp-json\/wp\/v2\/posts\/102775\/revisions"}],"wp:featuredmedia":[{"embeddable":true,"href":"https:\/\/www.europesays.com\/fr\/wp-json\/wp\/v2\/media\/102776"}],"wp:attachment":[{"href":"https:\/\/www.europesays.com\/fr\/wp-json\/wp\/v2\/media?parent=102775"}],"wp:term":[{"taxonomy":"category","embeddable":true,"href":"https:\/\/www.europesays.com\/fr\/wp-json\/wp\/v2\/categories?post=102775"},{"taxonomy":"post_tag","embeddable":true,"href":"https:\/\/www.europesays.com\/fr\/wp-json\/wp\/v2\/tags?post=102775"}],"curies":[{"name":"wp","href":"https:\/\/api.w.org\/{rel}","templated":true}]}}