{"id":102815,"date":"2025-05-15T20:56:17","date_gmt":"2025-05-15T20:56:17","guid":{"rendered":"https:\/\/www.europesays.com\/fr\/102815\/"},"modified":"2025-05-15T20:56:17","modified_gmt":"2025-05-15T20:56:17","slug":"que-devient-le-restaurant-de-joanne-a-salleles-daude-dix-mois-apres-la-diffusion-de-lemission","status":"publish","type":"post","link":"https:\/\/www.europesays.com\/fr\/102815\/","title":{"rendered":"Que devient le restaurant de Joanne \u00e0 Sall\u00e8les-d\u2019Aude dix mois apr\u00e8s la diffusion de l&rsquo;\u00e9mission ?"},"content":{"rendered":"<p>Ce jeudi 15 mai, M6 rediffuse un \u00e9pisode de Cauchemar en cuisine. Dans ce num\u00e9ro, Philippe Etchebest est venu en aide \u00e0 Joanne, propri\u00e9taire du restaurant La Maison de l&rsquo;\u00c9curie, \u00e0 Sall\u00e8les-d&rsquo;Aude. Dix mois apr\u00e8s la diffusion, que devient le restaurant ?<\/p>\n<p>Le 4\u00a0juillet dernier, M6 diffusait un num\u00e9ro in\u00e9dit de<a href=\"https:\/\/www.programme-tv.net\/news\/tv\/377322-cauchemar-en-cuisine-apres-la-polemique-declenchee-par-alexandre-le-restaurateur-d-albi-m6-replique\/\" data-api-deeplink=\"teleloisirs:\/\/news\/377322\" target=\"_blank\" rel=\"noopener\"> Cauchemar en cuisine<\/a>, l&rsquo;\u00e9mission dans laquelle le chef \u00e9toil\u00e9 Philippe Etchebest vient en aide \u00e0 des restaurateurs en difficult\u00e9. Dans cet \u00e9pisode, il s&rsquo;\u00e9tait rendu en Occitanie <b>\u00e0 Sall\u00e8les-d&rsquo;Aude pour secourir Joanne, propri\u00e9taire de la<\/b><a href=\"https:\/\/www.programme-tv.net\/news\/tv\/356397-cauchemar-en-cuisine-que-devient-le-restaurant-de-joanne-a-salleles-daude-apres-le-passage-de-philippe-etchebest\/\" data-api-deeplink=\"teleloisirs:\/\/news\/356397\" target=\"_blank\" rel=\"noopener\"><b> Maison de l&rsquo;\u00c9curie<\/b><\/a>. D\u00e8s son arriv\u00e9e, le jur\u00e9 de <a href=\"https:\/\/www.programme-tv.net\/news\/tv\/365451-top-chef-2025-jury-tournage-pas-d-objectif-top-chef-les-premieres-infos-de-la-saison-16\/\" data-api-deeplink=\"teleloisirs:\/\/news\/365451\" target=\"_blank\" rel=\"noopener\">Top Chef <\/a>avait \u00e9t\u00e9 choqu\u00e9 par l&rsquo;\u00e9tat du restaurant\u00a0: \u00ab\u00a0\u00c7a fait un peu d\u00e9potoir, tout est fait de bric et de broc\u00a0\u00bb. Situ\u00e9e au bord du Canal du Midi, cette guinguette dont l&#8217;emplacement \u00e9tait tr\u00e8s beau \u00e9tait pourtant au bord de la faillite. Dix mois apr\u00e8s la premi\u00e8re diffusion, M6 propose ce jeudi 15\u00a0mai \u00e0 21h10 de revoir cet \u00e9pisode.<\/p>\n<p>\u00ab\u00a0Le restaurant a \u00e9t\u00e9 rempli apr\u00e8s la diffusion\u00a0\u00bb\u00a0: Cauchemar en cuisine a apport\u00e9 de la visibilit\u00e9 \u00e0 Joanne<\/p>\n<p>Joanne avait fait appel aux \u00e9quipes de Cauchemar en cuisine pour avoir plus de \u00ab\u00a0visibilit\u00e9\u00a0\u00bb. Un pari qui s&rsquo;est av\u00e9r\u00e9 gagnant sur le court terme puisque, apr\u00e8s la diffusion, le restaurant faisait salle comble. \u00ab\u00a0<b>Le restaurant a \u00e9t\u00e9 rempli apr\u00e8s la diffusion, \u00e7a a dur\u00e9 trois mois<\/b>\u00ab\u00a0, nous a confi\u00e9 la propri\u00e9taire de la Maison de l&rsquo;\u00c9curie, contact\u00e9e le 14\u00a0mai. C\u00f4t\u00e9 cuisine, tout semblait au beau fixe. Sur Google, le restaurant avait la note de 4,4 \u00e9toiles sur 5. Les avis sur la plateforme \u00e9taient dithyrambiques\u00a0: \u00ab\u00a0Nous sommes venus ce midi et nous avons \u00e9t\u00e9 agr\u00e9ablement surpris par la beaut\u00e9 du lieu et que dire de la cuisine qui est vraiment tr\u00e8s bonne et recherch\u00e9e\u00a0\u00bb, ou encore \u00ab\u00a0Une vraie \u00e9volution que ce soit l&rsquo;entr\u00e9e, le plat et le dessert ainsi que le service, tout \u00e9tait au top, je dirais m\u00eame exquis\u00a0!\u00a0\u00bb.<\/p>\n<p>                        <b>Cauchemar en cuisine<\/b><b>\u00a0: la Maison de l&rsquo;\u00c9curie est \u00e0 vendre dix mois apr\u00e8s le passage de Philippe Etchebest<\/b><\/p>\n<p>Malgr\u00e9 les avis positifs et le restaurant rempli durant la saison, Joanne a mis le restaurant en vente en octobre dernier. La m\u00e8re c\u00e9libataire a pr\u00e9f\u00e9r\u00e9 avoir une source de revenu stable\u00a0: <b>\u00ab\u00a0Quand on est m\u00e8re de famille, c&rsquo;est mieux d&rsquo;avoir un salaire s\u00fbr \u00e0 la fin du mois\u00a0\u00bb<\/b>. Une stabilit\u00e9 que le c\u00f4t\u00e9 saisonnier de l&rsquo;activit\u00e9 ne garantissait pas. De plus, elle pense que ses plats n&rsquo;\u00e9taient pas adapt\u00e9s \u00e0 la client\u00e8le\u00a0: \u00ab\u00a0J&rsquo;ai une cuisine un peu particuli\u00e8re et je suis dans une r\u00e9gion assez carnassi\u00e8re. \u00c7a veut de la viande, \u00e7a veut de la pizza, \u00e7a veut des entrec\u00f4tes.\u00a0\u00bb Aujourd&rsquo;hui, elle est cuisini\u00e8re dans un restaurant, all\u00e9g\u00e9e des responsabilit\u00e9s de patronne.<\/p>\n","protected":false},"excerpt":{"rendered":"Ce jeudi 15 mai, M6 rediffuse un \u00e9pisode de Cauchemar en cuisine. Dans ce num\u00e9ro, Philippe Etchebest est&hellip;\n","protected":false},"author":2,"featured_media":102816,"comment_status":"","ping_status":"","sticky":false,"template":"","format":"standard","meta":{"footnotes":""},"categories":[1356],"tags":[10976,244,58,59,1011,27,2173,494,5387,252,1364],"class_list":{"0":"post-102815","1":"post","2":"type-post","3":"status-publish","4":"format-standard","5":"has-post-thumbnail","7":"category-television","8":"tag-cauchemar-en-cuisine","9":"tag-commentaire","10":"tag-divertissement","11":"tag-entertainment","12":"tag-fr","13":"tag-france","14":"tag-interview","15":"tag-m6","16":"tag-philippe-etchebest","17":"tag-television","18":"tag-tv"},"share_on_mastodon":{"url":"https:\/\/pubeurope.com\/@fr\/114513850135640708","error":""},"_links":{"self":[{"href":"https:\/\/www.europesays.com\/fr\/wp-json\/wp\/v2\/posts\/102815","targetHints":{"allow":["GET"]}}],"collection":[{"href":"https:\/\/www.europesays.com\/fr\/wp-json\/wp\/v2\/posts"}],"about":[{"href":"https:\/\/www.europesays.com\/fr\/wp-json\/wp\/v2\/types\/post"}],"author":[{"embeddable":true,"href":"https:\/\/www.europesays.com\/fr\/wp-json\/wp\/v2\/users\/2"}],"replies":[{"embeddable":true,"href":"https:\/\/www.europesays.com\/fr\/wp-json\/wp\/v2\/comments?post=102815"}],"version-history":[{"count":0,"href":"https:\/\/www.europesays.com\/fr\/wp-json\/wp\/v2\/posts\/102815\/revisions"}],"wp:featuredmedia":[{"embeddable":true,"href":"https:\/\/www.europesays.com\/fr\/wp-json\/wp\/v2\/media\/102816"}],"wp:attachment":[{"href":"https:\/\/www.europesays.com\/fr\/wp-json\/wp\/v2\/media?parent=102815"}],"wp:term":[{"taxonomy":"category","embeddable":true,"href":"https:\/\/www.europesays.com\/fr\/wp-json\/wp\/v2\/categories?post=102815"},{"taxonomy":"post_tag","embeddable":true,"href":"https:\/\/www.europesays.com\/fr\/wp-json\/wp\/v2\/tags?post=102815"}],"curies":[{"name":"wp","href":"https:\/\/api.w.org\/{rel}","templated":true}]}}