{"id":102824,"date":"2025-05-15T21:01:08","date_gmt":"2025-05-15T21:01:08","guid":{"rendered":"https:\/\/www.europesays.com\/fr\/102824\/"},"modified":"2025-05-15T21:01:08","modified_gmt":"2025-05-15T21:01:08","slug":"tout-beau-tout-9-pas-de-fake-news-ou-de-discours-politise-ces-regles-strictes-imposees-par-m6-a-cyril-hanouna","status":"publish","type":"post","link":"https:\/\/www.europesays.com\/fr\/102824\/","title":{"rendered":"\u00ab\u00a0Tout beau, tout 9\u00a0\u00bb : \u00ab\u00a0pas de fake news\u00a0\u00bb ou de \u00ab\u00a0discours politis\u00e9\u00a0\u00bb, ces r\u00e8gles strictes impos\u00e9es par M6 \u00e0 Cyril Hanouna"},"content":{"rendered":"<p>      R\u00e9sum\u00e9<\/p>\n<p>Cyril Hanouna devra suivre des r\u00e8gles strictes pour sa nouvelle \u00e9mission \u00ab\u00a0Tout beau, tout 9\u00a0\u00bb sur M6, incluant l&rsquo;interdiction de diffuser des fake news et des discours politis\u00e9s.<\/p>\n<p>        Sommaire<\/p>\n<p>\u00c0 la rentr\u00e9e prochaine, <a href=\"https:\/\/www.public.fr\/tag\/cyril-hanouna\" target=\"_blank\" rel=\"noopener\">Cyril Hanouna<\/a> fera son retour sur le petit \u00e9cran. Apr\u00e8s la fermeture de la cha\u00eene C8 le 1er mars dernier, et l\u2019arr\u00eat d\u00e9finitif de sa quotidienne<strong> \u00ab\u00a0TPMP\u00a0\u00bb<\/strong> le 26 mars dernier, l\u2019animateur va pr\u00e9senter une toute <a href=\"https:\/\/www.public.fr\/tout-beau-tout-9-date-de-lancement-chroniqueurs-tout-ce-quil-faut-savoir-sur-la-nouvelle-emission-de-cyril-hanouna\" target=\"_blank\" rel=\"noopener\">nouvelle \u00e9mission sur W9 :<strong> \u00ab\u00a0Tout beau, tout 9\u00a0\u00bb<\/strong><\/a>. Mais cela ne sera pas sans r\u00e8gles.<\/p>\n<p>Si, sur C8, \u00ab\u00a0Baba\u00a0\u00bb avait beaucoup de libert\u00e9, cela ne sera pas forc\u00e9ment le cas sur W9. C\u2019est le patron de M6, David Larramendy, lui-m\u00eame, qui l\u2019a annonc\u00e9 au cours d\u2019un entretien avec nos confr\u00e8res de CB News.<\/p>\n<p>Une \u00e9quipe mont\u00e9e sous un encadrement strict ? <\/p>\n<p>Au cours de l\u2019interview, David Larramendy a en effet fait la lumi\u00e8re sur les r\u00e8gles strictes que va devoir respecter Cyril Hanouna \u00e0 son arriv\u00e9e dans le groupe M6. Cela concerne notamment <a href=\"https:\/\/www.letribunaldunet.fr\/tv\/quels-chroniqueurs-pour-accompagner-cyril-hanouna-sur-w9-des-noms-devoiles.html?utm_source=public&amp;utm_medium=referral\" target=\"_blank\" rel=\"noopener\">l\u2019\u00e9quipe que va monter<\/a> l\u2019animateur de 50 ans.\u00a0<\/p>\n<p>\u00ab\u00a0Le recrutement de Cyril Hanouna est une \u00e9tape importante dans la transformation du groupe. (&#8230;) Nous avons commenc\u00e9 \u00e0 travailler avec lui et ses \u00e9quipes depuis quelques semaines\u00a0\u00bb, indique le patron de M6. Et si des r\u00e8gles strictes ont \u00e9t\u00e9 impos\u00e9es \u00e0 l\u2019animateur, c\u2019est parce que nombre de journalistes du groupe RTL et M6, ont fait part de leur inqui\u00e9tude en voyant d\u00e9barquer l\u2019animateur.\u00a0<\/p>\n<p>Certains d\u2019entre eux redoutent en effet des d\u00e9bordements similaires \u00e0 ceux de <strong>\u00ab\u00a0TPMP\u00a0\u00bb<\/strong>, lui valant de nombreuses sanctions de la part de l\u2019Arcom. Conscient de l\u2019inqui\u00e9tude de ses salari\u00e9s, David Larramendy aurait donc pris les devants.\u00a0<\/p>\n<p>Les r\u00e8gles impos\u00e9es \u00e0 Cyril Hanouna pour sa nouvelle \u00e9mission<\/p>\n<p>\u00ab\u00a0C\u2019est vrai qu&rsquo;il y a eu un certain nombre de d\u00e9bordements inacceptables. Nous en avons parl\u00e9 avec Cyril Hanouna et St\u00e9phane Courbit. (&#8230;) Nous avons \u00e9tabli des limites claires \u00e0 ne pas franchir : pas de promotion des fake news, pas de discours politis\u00e9 et pas d&rsquo;attaques ad hominem\u00a0\u00bb, assure-t-il.\u00a0<\/p>\n<p>Un discours qui rejoint donc celui de Herv\u00e9 B\u00e9roud, directeur de l\u2019information. Comme le rappellent nos confr\u00e8res de Purem\u00e9dias, celui-ci avait promis, en avril dernier, <strong>une \u00e9mission \u00ab\u00a0apolitique et sans conflits\u00a0\u00bb.\u00a0<\/strong><\/p>\n<p>\u00ab\u00a0Cette charte \u00e9ditoriale, \u00e0 laquelle Hanouna aurait souscrit, s&rsquo;accompagne d&rsquo;un suivi resserr\u00e9. Des &lsquo;outils de protection&rsquo; et &lsquo;garde-fous contractuels&rsquo; ont \u00e9t\u00e9 mis en place, bien que leur contenu reste confidentiel\u00a0\u00bb, pr\u00e9cise \u00e9galement nos confr\u00e8res.\u00a0<\/p>\n<p>      Mentionn\u00e9s dans cet article<\/p>\n<p>\u00c0 lire aussi<\/p>\n","protected":false},"excerpt":{"rendered":"R\u00e9sum\u00e9 Cyril Hanouna devra suivre des r\u00e8gles strictes pour sa nouvelle \u00e9mission \u00ab\u00a0Tout beau, tout 9\u00a0\u00bb sur M6,&hellip;\n","protected":false},"author":2,"featured_media":102825,"comment_status":"","ping_status":"","sticky":false,"template":"","format":"standard","meta":{"footnotes":""},"categories":[8],"tags":[1083,58,59,1011,27,494,549,2395],"class_list":{"0":"post-102824","1":"post","2":"type-post","3":"status-publish","4":"format-standard","5":"has-post-thumbnail","7":"category-divertissement","8":"tag-cyril-hanouna","9":"tag-divertissement","10":"tag-entertainment","11":"tag-fr","12":"tag-france","13":"tag-m6","14":"tag-touche-pas-a-mon-poste","15":"tag-w9"},"share_on_mastodon":{"url":"https:\/\/pubeurope.com\/@fr\/114513870013043978","error":""},"_links":{"self":[{"href":"https:\/\/www.europesays.com\/fr\/wp-json\/wp\/v2\/posts\/102824","targetHints":{"allow":["GET"]}}],"collection":[{"href":"https:\/\/www.europesays.com\/fr\/wp-json\/wp\/v2\/posts"}],"about":[{"href":"https:\/\/www.europesays.com\/fr\/wp-json\/wp\/v2\/types\/post"}],"author":[{"embeddable":true,"href":"https:\/\/www.europesays.com\/fr\/wp-json\/wp\/v2\/users\/2"}],"replies":[{"embeddable":true,"href":"https:\/\/www.europesays.com\/fr\/wp-json\/wp\/v2\/comments?post=102824"}],"version-history":[{"count":0,"href":"https:\/\/www.europesays.com\/fr\/wp-json\/wp\/v2\/posts\/102824\/revisions"}],"wp:featuredmedia":[{"embeddable":true,"href":"https:\/\/www.europesays.com\/fr\/wp-json\/wp\/v2\/media\/102825"}],"wp:attachment":[{"href":"https:\/\/www.europesays.com\/fr\/wp-json\/wp\/v2\/media?parent=102824"}],"wp:term":[{"taxonomy":"category","embeddable":true,"href":"https:\/\/www.europesays.com\/fr\/wp-json\/wp\/v2\/categories?post=102824"},{"taxonomy":"post_tag","embeddable":true,"href":"https:\/\/www.europesays.com\/fr\/wp-json\/wp\/v2\/tags?post=102824"}],"curies":[{"name":"wp","href":"https:\/\/api.w.org\/{rel}","templated":true}]}}