{"id":102834,"date":"2025-05-15T21:09:24","date_gmt":"2025-05-15T21:09:24","guid":{"rendered":"https:\/\/www.europesays.com\/fr\/102834\/"},"modified":"2025-05-15T21:09:24","modified_gmt":"2025-05-15T21:09:24","slug":"un-poulet-geant-a-saint-etienne-pour-denoncer-lhypocrisie-de-grand-frais","status":"publish","type":"post","link":"https:\/\/www.europesays.com\/fr\/102834\/","title":{"rendered":"un poulet g\u00e9ant \u00e0 Saint-\u00c9tienne pour d\u00e9noncer \u00ab l\u2019hypocrisie \u00bb de Grand Frais"},"content":{"rendered":"<p>C\u2019est une silhouette imposante et d\u00e9rangeante qui tr\u00f4ne ce jeudi matin au c\u0153ur de Saint-\u00c9tienne : un poulet en grande souffrance, de 5 m\u00e8tres de haut et de 11 m\u00e8tres de large, install\u00e9e par l\u2019association L214. L\u2019objectif de cette mise en sc\u00e8ne \u00e9tait de d\u00e9noncer les pratiques d\u2019\u00e9levages que continue de cautionner Grand Frais, en commercialisant de la viande de poulets fournie par des producteurs qui ne respectent pas les r\u00e8gles de l\u2019European Chicken Commitment, un cahier des charges \u00e0 suivre.<\/p>\n<p>Selon Camille Silvert, charg\u00e9e de campagne de L214, la cha\u00eene de supermarch\u00e9 originaire de Givors fait preuve d\u2019une grande hypocrisie : \u00ab Dans sa publicit\u00e9, Grand Frais d\u00e9veloppe une image d\u2019authenticit\u00e9 et de qualit\u00e9, mais c\u2019est la derni\u00e8re grande cha\u00eene \u00e0 ne pas respecter ses engagements en France. Elle se doit de rattraper son retard sur ses concurrents \u00bb, clame-t-elle.<\/p>\n<p>Le choix de la ville de Saint-\u00c9tienne n\u2019est pas anodin. Le principal fournisseur boucherie de Grand Frais est Despi Le Boucher, dont le si\u00e8ge se trouve \u00e0 Saint-Chamond. La dizaine de militants pr\u00e9sents sur place affirme que les poulets sont g\u00e9n\u00e9tiquement modifi\u00e9s et grandissent entre 35 et 40 jours, alors qu\u2019il faut 6 mois naturellement. \u00ab Il y a une \u00e9thique \u00e0 avoir aupr\u00e8s des animaux, mais aussi des consommateurs. Les poulets sont parfois 20 par m\u00e8tre carr\u00e9 \u00bb, d\u00e9plore Camille Silvert.<\/p>\n<p>  \u00ab On n&rsquo;est m\u00eame plus surpris \u00bb<\/p>\n<p>\u00ab Grand Frais, Grande cruaut\u00e9 \u00bb : un slogan inscrit sur les tracts distribu\u00e9s par la dizaine de militants, aux passants interpell\u00e9s par la volaille g\u00e9ante. D\u2019apr\u00e8s Claire Mallet, r\u00e9f\u00e9rente L214 \u00e0 Saint-\u00c9tienne, beaucoup de St\u00e9phanois sont \u00e9tonn\u00e9s : \u00ab Les passants sont assez surpris car les gens ont plut\u00f4t une bonne image de Grand Frais \u00bb, dit-elle.<\/p>\n<p>Mais ce n\u2019est pas le cas de tout le monde : \u00ab On sait tr\u00e8s bien ce qu\u2019il se passe, on n\u2019est m\u00eame plus surpris. Et \u00e7a ne s\u2019arr\u00eate pas qu\u2019aux poulets \u00bb, s\u2019indigne Pierre, retrait\u00e9. Contact\u00e9s par nos soins, Grand Frais et Despi Le Boucher n\u2019ont pas r\u00e9agi \u00e0 cette action. Samedi 17 mai, L214 pr\u00e9voit une mobilisation devant une trentaine de magasins Grand Frais, partout en France.<\/p>\n","protected":false},"excerpt":{"rendered":"C\u2019est une silhouette imposante et d\u00e9rangeante qui tr\u00f4ne ce jeudi matin au c\u0153ur de Saint-\u00c9tienne : un poulet&hellip;\n","protected":false},"author":2,"featured_media":102835,"comment_status":"","ping_status":"","sticky":false,"template":"","format":"standard","meta":{"footnotes":""},"categories":[9653],"tags":[1111,11,1867,2430,7539,1777,674,1011,27,3367,12,25,4001,7538,104],"class_list":{"0":"post-102834","1":"post","2":"type-post","3":"status-publish","4":"format-standard","5":"has-post-thumbnail","7":"category-saint-etienne","8":"tag-actu","9":"tag-actualites","10":"tag-animaux","11":"tag-auvergne-rhone-alpes","12":"tag-edition-loire-sud","13":"tag-eu","14":"tag-europe","15":"tag-fr","16":"tag-france","17":"tag-loire","18":"tag-news","19":"tag-republique-francaise","20":"tag-saint-etienne","21":"tag-saint-etienne-ville","22":"tag-societe"},"share_on_mastodon":{"url":"https:\/\/pubeurope.com\/@fr\/114513901160614119","error":""},"_links":{"self":[{"href":"https:\/\/www.europesays.com\/fr\/wp-json\/wp\/v2\/posts\/102834","targetHints":{"allow":["GET"]}}],"collection":[{"href":"https:\/\/www.europesays.com\/fr\/wp-json\/wp\/v2\/posts"}],"about":[{"href":"https:\/\/www.europesays.com\/fr\/wp-json\/wp\/v2\/types\/post"}],"author":[{"embeddable":true,"href":"https:\/\/www.europesays.com\/fr\/wp-json\/wp\/v2\/users\/2"}],"replies":[{"embeddable":true,"href":"https:\/\/www.europesays.com\/fr\/wp-json\/wp\/v2\/comments?post=102834"}],"version-history":[{"count":0,"href":"https:\/\/www.europesays.com\/fr\/wp-json\/wp\/v2\/posts\/102834\/revisions"}],"wp:featuredmedia":[{"embeddable":true,"href":"https:\/\/www.europesays.com\/fr\/wp-json\/wp\/v2\/media\/102835"}],"wp:attachment":[{"href":"https:\/\/www.europesays.com\/fr\/wp-json\/wp\/v2\/media?parent=102834"}],"wp:term":[{"taxonomy":"category","embeddable":true,"href":"https:\/\/www.europesays.com\/fr\/wp-json\/wp\/v2\/categories?post=102834"},{"taxonomy":"post_tag","embeddable":true,"href":"https:\/\/www.europesays.com\/fr\/wp-json\/wp\/v2\/tags?post=102834"}],"curies":[{"name":"wp","href":"https:\/\/api.w.org\/{rel}","templated":true}]}}