{"id":102849,"date":"2025-05-15T21:19:07","date_gmt":"2025-05-15T21:19:07","guid":{"rendered":"https:\/\/www.europesays.com\/fr\/102849\/"},"modified":"2025-05-15T21:19:07","modified_gmt":"2025-05-15T21:19:07","slug":"avec-les-beaux-jours-les-marches-du-vendredi-soir-sont-de-retour","status":"publish","type":"post","link":"https:\/\/www.europesays.com\/fr\/102849\/","title":{"rendered":"avec les beaux jours, les march\u00e9s du vendredi soir sont de retour"},"content":{"rendered":"<p>            Par<br \/>\n        <strong><br \/>\n            <a href=\"https:\/\/actu.fr\/auteur\/aurelien-delavaud\" title=\"Consulter tous les articles de Aur\u00e9lien Delavaud\" rel=\"nofollow noopener\" target=\"_blank\">Aur\u00e9lien Delavaud<\/a><br \/>\n        <\/strong><\/p>\n<p>        Publi\u00e9 le<\/p>\n<p>            15 mai 2025 \u00e0 22h38        <\/p>\n<p>Les <b>march\u00e9s du kiosque<\/b> ont le droit \u00e0 une deuxi\u00e8me saison ! Apr\u00e8s <a href=\"https:\/\/actu.fr\/normandie\/tourville-la-riviere_76705\/tourville-la-riviere-debuts-reussis-pour-le-nouveau-marche-nocturne_61068892.html\" rel=\"nofollow noopener\" target=\"_blank\">le succ\u00e8s de la premi\u00e8re \u00e9dition<\/a>, l\u2019an dernier, la commune de <a href=\"https:\/\/actu.fr\/normandie\/tourville-la-riviere_76705\" rel=\"nofollow noopener\" target=\"_blank\">Tourville-la-Rivi\u00e8re (Seine-Maritime)<\/a> a d\u00e9cid\u00e9 de renouveler l\u2019exp\u00e9rience \u00e0 <b>l\u2019\u00e9t\u00e9 2025<\/b>.<\/p>\n<p>Premier rendez-vous ce vendredi<\/p>\n<p class=\" wall-content\">Le principe ? <b>Un vendredi par mois<\/b>, de mai \u00e0 septembre, la place Waldeck-Rousseau se transforme le soir venu en<b> forum vivant<\/b>, avec la pr\u00e9sence de producteurs, d\u2019artisans locaux, de food trucks et d\u2019une buvette associative pour satisfaire les gourmands.<\/p>\n<p class=\" wall-content\">En parall\u00e8le, des animations sont propos\u00e9es pour encourager les rencontres et les \u00e9changes.<\/p>\n<p class=\" wall-content\">Le premier rendez-vous des march\u00e9s du kiosque cette ann\u00e9e est pr\u00e9vu pour le vendredi 16 mai 2025, de 17 h \u00e0 21 h.<\/p>\n<p class=\" wall-content\">Au programme, un atelier de r\u00e9paration de v\u00e9los avec l\u2019association sp\u00e9cialis\u00e9e Guidoline, un roller racing et une animation musicale avec l\u2019accord\u00e9oniste Marita.<\/p>\n<p>Les autres march\u00e9s du kiosque de l\u2019\u00e9t\u00e9 sont d\u00e9j\u00e0 programm\u00e9s pour les vendredis 13 juin, 4 juillet, 1er ao\u00fbt et 12 septembre.<\/p>\n<p>Vid\u00e9os : en ce moment sur Actu<\/p>\n<p class=\" wall-content\">Suivez toute l\u2019actualit\u00e9 de vos villes et m\u00e9dias favoris en vous inscrivant \u00e0 <a href=\"https:\/\/moncompte.actu.fr\" title=\"D\u00e9couvez Mon Actu\" rel=\"nofollow noopener\" data-trk=\"{&quot;cta&quot;:{&quot;action&quot;:&quot;https:\\\/\\\/moncompte.actu.fr&quot;,&quot;category&quot;:&quot;mon compte&quot;,&quot;from&quot;:&quot;article footer&quot;,&quot;name&quot;:&quot;Mon actu&quot;,&quot;type&quot;:&quot;cta&quot;}}\" target=\"_blank\">Mon Actu<\/a>.<\/p>\n","protected":false},"excerpt":{"rendered":"Par Aur\u00e9lien Delavaud Publi\u00e9 le 15 mai 2025 \u00e0 22h38 Les march\u00e9s du kiosque ont le droit \u00e0&hellip;\n","protected":false},"author":2,"featured_media":102850,"comment_status":"","ping_status":"","sticky":false,"template":"","format":"standard","meta":{"footnotes":""},"categories":[9587],"tags":[1111,11,1063,1777,674,1011,27,2089,12,5161,25,9590,104],"class_list":{"0":"post-102849","1":"post","2":"type-post","3":"status-publish","4":"format-standard","5":"has-post-thumbnail","7":"category-rouen","8":"tag-actu","9":"tag-actualites","10":"tag-animations","11":"tag-eu","12":"tag-europe","13":"tag-fr","14":"tag-france","15":"tag-marche","16":"tag-news","17":"tag-normandie","18":"tag-republique-francaise","19":"tag-rouen","20":"tag-societe"},"share_on_mastodon":{"url":"https:\/\/pubeurope.com\/@fr\/114513940535834165","error":""},"_links":{"self":[{"href":"https:\/\/www.europesays.com\/fr\/wp-json\/wp\/v2\/posts\/102849","targetHints":{"allow":["GET"]}}],"collection":[{"href":"https:\/\/www.europesays.com\/fr\/wp-json\/wp\/v2\/posts"}],"about":[{"href":"https:\/\/www.europesays.com\/fr\/wp-json\/wp\/v2\/types\/post"}],"author":[{"embeddable":true,"href":"https:\/\/www.europesays.com\/fr\/wp-json\/wp\/v2\/users\/2"}],"replies":[{"embeddable":true,"href":"https:\/\/www.europesays.com\/fr\/wp-json\/wp\/v2\/comments?post=102849"}],"version-history":[{"count":0,"href":"https:\/\/www.europesays.com\/fr\/wp-json\/wp\/v2\/posts\/102849\/revisions"}],"wp:featuredmedia":[{"embeddable":true,"href":"https:\/\/www.europesays.com\/fr\/wp-json\/wp\/v2\/media\/102850"}],"wp:attachment":[{"href":"https:\/\/www.europesays.com\/fr\/wp-json\/wp\/v2\/media?parent=102849"}],"wp:term":[{"taxonomy":"category","embeddable":true,"href":"https:\/\/www.europesays.com\/fr\/wp-json\/wp\/v2\/categories?post=102849"},{"taxonomy":"post_tag","embeddable":true,"href":"https:\/\/www.europesays.com\/fr\/wp-json\/wp\/v2\/tags?post=102849"}],"curies":[{"name":"wp","href":"https:\/\/api.w.org\/{rel}","templated":true}]}}