{"id":102859,"date":"2025-05-15T21:24:10","date_gmt":"2025-05-15T21:24:10","guid":{"rendered":"https:\/\/www.europesays.com\/fr\/102859\/"},"modified":"2025-05-15T21:24:10","modified_gmt":"2025-05-15T21:24:10","slug":"souffelweyersheim-elle-fait-cuire-des-oeufs-et-declenche-lintervention-des-pompiers","status":"publish","type":"post","link":"https:\/\/www.europesays.com\/fr\/102859\/","title":{"rendered":"Souffelweyersheim. Elle fait cuire des \u0153ufs&#8230; et d\u00e9clenche l\u2019intervention des pompiers"},"content":{"rendered":"<p>Un important d\u00e9gagement de fum\u00e9e a conduit \u00e0 l\u2019\u00e9vacuation d\u2019un b\u00e2timent de la r\u00e9sidence Beau-Rivage \u00e0 Souffelweyersheim jeudi 15\u00a0mai peu avant 8 h. Ces \u00e9manations sont parties d\u2019un appartement\u00a0: son occupante avait commenc\u00e9 \u00e0 pr\u00e9parer des \u0153ufs avant de les oublier sur la table de cuisson.<\/p>\n<p>Les sapeurs-pompiers sont intervenus. L\u2019immeuble a \u00e9t\u00e9 \u00e9vacu\u00e9 par pr\u00e9caution. Sur d\u00e9cision du m\u00e9decin r\u00e9gulateur du Samu, deux enfants ont \u00e9t\u00e9 transport\u00e9s au CHU de Hautepierre pour des examens de contr\u00f4le.<\/p>\n","protected":false},"excerpt":{"rendered":"Un important d\u00e9gagement de fum\u00e9e a conduit \u00e0 l\u2019\u00e9vacuation d\u2019un b\u00e2timent de la r\u00e9sidence Beau-Rivage \u00e0 Souffelweyersheim jeudi&hellip;\n","protected":false},"author":2,"featured_media":102860,"comment_status":"","ping_status":"","sticky":false,"template":"","format":"standard","meta":{"footnotes":""},"categories":[2820],"tags":[119,1111,11,2880,1777,674,274,107,1011,27,775,12,25,16322,640,3265],"class_list":{"0":"post-102859","1":"post","2":"type-post","3":"status-publish","4":"format-standard","5":"has-post-thumbnail","7":"category-strasbourg","8":"tag-accident","9":"tag-actu","10":"tag-actualites","11":"tag-edition-strasbourg","12":"tag-eu","13":"tag-europe","14":"tag-faits-divers-justice","15":"tag-fil-info","16":"tag-fr","17":"tag-france","18":"tag-grand-est","19":"tag-news","20":"tag-republique-francaise","21":"tag-souffelweyersheim","22":"tag-strasbourg","23":"tag-strasbourg-nord"},"share_on_mastodon":{"url":"https:\/\/pubeurope.com\/@fr\/114513960268969465","error":""},"_links":{"self":[{"href":"https:\/\/www.europesays.com\/fr\/wp-json\/wp\/v2\/posts\/102859","targetHints":{"allow":["GET"]}}],"collection":[{"href":"https:\/\/www.europesays.com\/fr\/wp-json\/wp\/v2\/posts"}],"about":[{"href":"https:\/\/www.europesays.com\/fr\/wp-json\/wp\/v2\/types\/post"}],"author":[{"embeddable":true,"href":"https:\/\/www.europesays.com\/fr\/wp-json\/wp\/v2\/users\/2"}],"replies":[{"embeddable":true,"href":"https:\/\/www.europesays.com\/fr\/wp-json\/wp\/v2\/comments?post=102859"}],"version-history":[{"count":0,"href":"https:\/\/www.europesays.com\/fr\/wp-json\/wp\/v2\/posts\/102859\/revisions"}],"wp:featuredmedia":[{"embeddable":true,"href":"https:\/\/www.europesays.com\/fr\/wp-json\/wp\/v2\/media\/102860"}],"wp:attachment":[{"href":"https:\/\/www.europesays.com\/fr\/wp-json\/wp\/v2\/media?parent=102859"}],"wp:term":[{"taxonomy":"category","embeddable":true,"href":"https:\/\/www.europesays.com\/fr\/wp-json\/wp\/v2\/categories?post=102859"},{"taxonomy":"post_tag","embeddable":true,"href":"https:\/\/www.europesays.com\/fr\/wp-json\/wp\/v2\/tags?post=102859"}],"curies":[{"name":"wp","href":"https:\/\/api.w.org\/{rel}","templated":true}]}}