{"id":1028597,"date":"2026-06-27T19:26:36","date_gmt":"2026-06-27T19:26:36","guid":{"rendered":"https:\/\/www.europesays.com\/fr\/1028597\/"},"modified":"2026-06-27T19:26:36","modified_gmt":"2026-06-27T19:26:36","slug":"en-direct-toulouse-montpellier-le-stade-toulousain-deja-dattaque-face-aux-heraultais-debut-de-finale-en-fanfare-au-stade-de-france","status":"publish","type":"post","link":"https:\/\/www.europesays.com\/fr\/1028597\/","title":{"rendered":"EN DIRECT \u2013 Toulouse-Montpellier : le Stade\u00a0Toulousain (d\u00e9j\u00e0) d\u2019attaque face aux H\u00e9raultais, d\u00e9but de finale en fanfare au Stade de France"},"content":{"rendered":"<p class=\"fig-paragraph\">Priv\u00e9 de demi-finale face au Racing en raison d\u2019un p\u00e9pin musculaire, Ramos est de retour c\u00f4t\u00e9 haut-garonnais\u00a0! Il d\u00e9butera sur le banc. Kinghorn le remplace \u00e0 l\u2019arri\u00e8re. La charni\u00e8re Dupont-Ntamack est \u00e9videmment align\u00e9e d\u2019entr\u00e9e par Ugo Mola.<\/p>\n<p class=\"fig-paragraph\"><strong>Le XV de d\u00e9part de Toulouse<\/strong>\u00a0: 15. Kinghorn ; 14. Thomas, 13. Barassi, 12. Chocobares, 11. Lebel ; 10. R. Ntamack, 9. Dupont ; 7. Willis (cap.), 8. Roumat, 6. Cros ; 5. Meafou, 4. Brennan ; 3. Merkler, 2. Mauvaka, 1. Neti<\/p>\n<p class=\"fig-paragraph\"><strong>Rempla\u00e7ants<\/strong>\u00a0: 16. Marchand, 17. Ainu\u2019u, 18. Verg\u00e9, 19. Flament, 20. Graou, 21. Gourgues, 22. Ramos, 23. Aldegheri<\/p>\n<p class=\"fig-body-link\">\n            \u00c0 lire aussi<br \/>\n        <a class=\"fig-body-link__link\" href=\"http:\/\/www.lefigaro.fr\/sports\/rugby\/top-14\/finale-top-14-ramos-de-retour-sur-le-banc-de-toulouse-aucun-changement-a-montpellier-20260626\" data-fig-type=\"NewsFlash\" data-gtm-custom-categorie=\"navigation\" data-gtm-custom-action=\"crossclick\" data-gtm-custom-label=\"Contextuel\" data-gtm-event=\"customEventSPE\" data-fig-domain=\"LEFIGARO\" rel=\"nofollow noopener\" target=\"_blank\"><br \/>\n                Finale Top 14\u00a0: Thomas Ramos de retour sur le banc de Toulouse, aucun changement \u00e0 Montpellier<br \/>\n    <\/a>\n<\/p>\n<p class=\"fig-paragraph\">Aucun changement op\u00e9r\u00e9 par Joan Caudullo pour cette finale. C\u2019est la m\u00eame \u00e9quipe qui a \u00e9limin\u00e9 le Stade Fran\u00e7ais le week-end dernier \u00e0 Marseille. Annonc\u00e9 incertain, Vunipola sera finalement bien de la partie.<\/p>\n<p class=\"fig-paragraph\"><strong>Le XV de d\u00e9part de Montpellier<\/strong>\u00a0: 15. Banks ; 14. Ngandebe, 13. Vincent, 12. Cadot, 11. Taofifenua ; 10. Miotti, 9. Price ; 7. B\u00e9cogn\u00e9e, 8. Vunipola, 6. Nouchi (cap.) ; 5. Duguid, 4. Verhaeghe ; 3. Haouas, 2. Uelese, 1. Erdocio<\/p>\n<p class=\"fig-paragraph\"><strong>Rempla\u00e7ants<\/strong>\u00a0: 16. Tolofua, 17. Forletta, 18. Beard, 19. Masibaka, 20. Coly, 21. Piccardo, 22. Darmon, 23. Hounkpatin<\/p>\n","protected":false},"excerpt":{"rendered":"Priv\u00e9 de demi-finale face au Racing en raison d\u2019un p\u00e9pin musculaire, Ramos est de retour c\u00f4t\u00e9 haut-garonnais\u00a0! Il&hellip;\n","protected":false},"author":2,"featured_media":1028598,"comment_status":"","ping_status":"","sticky":false,"template":"","format":"standard","meta":{"footnotes":"","_share_on_mastodon":"0"},"categories":[2816],"tags":[1111,11,514,525,4590,1981,2313,814,1777,674,1011,27,955,14987,12,2680,4589,2311,25,1980,479,2259,476,478,2310,2312],"class_list":["post-1028597","post","type-post","status-publish","format-standard","has-post-thumbnail","category-toulouse","tag-actu","tag-actualites","tag-antoine-dupont","tag-calendrier","tag-championnat-france","tag-classement","tag-clermont","tag-direct","tag-eu","tag-europe","tag-fr","tag-france","tag-match","tag-mhr","tag-news","tag-occitanie","tag-phase-finale","tag-racing","tag-republique-francaise","tag-resultats","tag-rugby","tag-score","tag-stade-toulousain","tag-top-14","tag-toulon","tag-toulouse"],"share_on_mastodon":{"url":"https:\/\/pubeurope.com\/@fr\/116823719025936330","error":""},"_links":{"self":[{"href":"https:\/\/www.europesays.com\/fr\/wp-json\/wp\/v2\/posts\/1028597","targetHints":{"allow":["GET"]}}],"collection":[{"href":"https:\/\/www.europesays.com\/fr\/wp-json\/wp\/v2\/posts"}],"about":[{"href":"https:\/\/www.europesays.com\/fr\/wp-json\/wp\/v2\/types\/post"}],"author":[{"embeddable":true,"href":"https:\/\/www.europesays.com\/fr\/wp-json\/wp\/v2\/users\/2"}],"replies":[{"embeddable":true,"href":"https:\/\/www.europesays.com\/fr\/wp-json\/wp\/v2\/comments?post=1028597"}],"version-history":[{"count":0,"href":"https:\/\/www.europesays.com\/fr\/wp-json\/wp\/v2\/posts\/1028597\/revisions"}],"wp:featuredmedia":[{"embeddable":true,"href":"https:\/\/www.europesays.com\/fr\/wp-json\/wp\/v2\/media\/1028598"}],"wp:attachment":[{"href":"https:\/\/www.europesays.com\/fr\/wp-json\/wp\/v2\/media?parent=1028597"}],"wp:term":[{"taxonomy":"category","embeddable":true,"href":"https:\/\/www.europesays.com\/fr\/wp-json\/wp\/v2\/categories?post=1028597"},{"taxonomy":"post_tag","embeddable":true,"href":"https:\/\/www.europesays.com\/fr\/wp-json\/wp\/v2\/tags?post=1028597"}],"curies":[{"name":"wp","href":"https:\/\/api.w.org\/{rel}","templated":true}]}}