{"id":102861,"date":"2025-05-15T21:25:12","date_gmt":"2025-05-15T21:25:12","guid":{"rendered":"https:\/\/www.europesays.com\/fr\/102861\/"},"modified":"2025-05-15T21:25:12","modified_gmt":"2025-05-15T21:25:12","slug":"agace-par-les-cambrioleurs-le-cure-les-met-en-garde","status":"publish","type":"post","link":"https:\/\/www.europesays.com\/fr\/102861\/","title":{"rendered":"agac\u00e9 par les cambrioleurs, le cur\u00e9 les met en garde"},"content":{"rendered":"<p>\u00ab Cette maison est prot\u00e9g\u00e9e par le bon Dieu ! Et par un fusil de chasse. Quiconque s\u2019introduit ici a de bonnes chances de rencontrer les deux \u00bb : cette pancarte humoristique est visible d\u00e9sormais devant le presbyt\u00e8re du quartier de Neudorf \u00e0 Strasbourg (Bas-Rhin), rapportent <a href=\"https:\/\/www.dna.fr\/insolite\/2025\/05\/14\/cette-maison-est-protegee-par-le-bon-dieu-et-un-fusil-excede-un-cure-previent-les-cambrioleurs\" target=\"_blank\" rel=\"nofollow noopener\">Les Derni\u00e8res Nouvelles d&rsquo;Alsace<\/a>.<\/p>\n<p>Ce contenu est bloqu\u00e9 car vous n&rsquo;avez pas accept\u00e9 les cookies et autres traceurs.<\/p>\n<p>En cliquant sur \u00ab J\u2019accepte \u00bb, les cookies et autres traceurs seront d\u00e9pos\u00e9s et vous pourrez visualiser les contenus  (<a href=\"\" class=\"consentModule_policy\" target=\"_blank\" title=\"Consulter la politique de protection des donn\u00e9es du fournisseur\">plus d&rsquo;informations<\/a>).<\/p>\n<p>En cliquant sur \u00ab J\u2019accepte tous les cookies \u00bb, vous autorisez des d\u00e9p\u00f4ts de cookies et autres traceurs pour le stockage de vos donn\u00e9es sur nos sites et applications \u00e0 des fins de personnalisation et de ciblage publicitaire.<\/p>\n<p class=\"consentModule_secondaryText\">Vous gardez la possibilit\u00e9 de retirer votre consentement \u00e0 tout moment en consultant notre <a href=\"https:\/\/www.ledauphine.com\/protection-des-donnees\" target=\"_blank\" title=\"Consulter notre politique de protection des donn\u00e9es\" rel=\"nofollow noopener\">politique de protection des donn\u00e9es<\/a>. <br \/>&#13;<br \/>\n            <a href=\"https:\/\/www.ledauphine.com\/insolite\/2025\/05\/15\/javascript:Didomi.notice.show()\" class=\"consentModule_cmp\" rel=\"nofollow noopener\" target=\"_blank\">G\u00e9rer mes choix<\/a>&#13;\n        <\/p>\n<p>&#13;<br \/>\n                        J&rsquo;accepte&#13;<br \/>\n            J&rsquo;accepte tous les cookies&#13;\n        <\/p>\n<p>  \u00ab C&rsquo;est vraiment de l&rsquo;humour\u00a0\u00bb<\/p>\n<p>Le p\u00e8re Franck Guichard, cur\u00e9 du Neudorf, en a en effet assez des cambriolages \u00e0 r\u00e9p\u00e9tition. \u00ab La semaine derni\u00e8re, on m\u2019a vol\u00e9 mon v\u00e9lo \u00e9lectrique dans la cour \u00bb, explique-t-il.<\/p>\n<p>Pour autant, pas question d&rsquo;avoir un fusil de chasse au presbyt\u00e8re, \u00ab c\u2019est vraiment de l\u2019humour \u00bb, assure-t-il. Mais des cam\u00e9ras de vid\u00e9osurveillance, elles, ont bien \u00e9t\u00e9 install\u00e9es.<\/p>\n<p class=\"note\">&gt;&gt; Lire l&rsquo;article des <a href=\"https:\/\/www.dna.fr\/insolite\/2025\/05\/14\/cette-maison-est-protegee-par-le-bon-dieu-et-un-fusil-excede-un-cure-previent-les-cambrioleurs\" target=\"_blank\" rel=\"nofollow noopener\">Derni\u00e8res Nouvelles d&rsquo;Alsace<\/a>.<\/p>\n","protected":false},"excerpt":{"rendered":"\u00ab Cette maison est prot\u00e9g\u00e9e par le bon Dieu ! Et par un fusil de chasse. Quiconque s\u2019introduit&hellip;\n","protected":false},"author":2,"featured_media":102862,"comment_status":"","ping_status":"","sticky":false,"template":"","format":"standard","meta":{"footnotes":""},"categories":[2820],"tags":[1111,11,1777,674,274,107,1011,27,329,775,1757,12,25,640],"class_list":{"0":"post-102861","1":"post","2":"type-post","3":"status-publish","4":"format-standard","5":"has-post-thumbnail","7":"category-strasbourg","8":"tag-actu","9":"tag-actualites","10":"tag-eu","11":"tag-europe","12":"tag-faits-divers-justice","13":"tag-fil-info","14":"tag-fr","15":"tag-france","16":"tag-france-monde","17":"tag-grand-est","18":"tag-insolite","19":"tag-news","20":"tag-republique-francaise","21":"tag-strasbourg"},"share_on_mastodon":{"url":"https:\/\/pubeurope.com\/@fr\/114513964121004533","error":""},"_links":{"self":[{"href":"https:\/\/www.europesays.com\/fr\/wp-json\/wp\/v2\/posts\/102861","targetHints":{"allow":["GET"]}}],"collection":[{"href":"https:\/\/www.europesays.com\/fr\/wp-json\/wp\/v2\/posts"}],"about":[{"href":"https:\/\/www.europesays.com\/fr\/wp-json\/wp\/v2\/types\/post"}],"author":[{"embeddable":true,"href":"https:\/\/www.europesays.com\/fr\/wp-json\/wp\/v2\/users\/2"}],"replies":[{"embeddable":true,"href":"https:\/\/www.europesays.com\/fr\/wp-json\/wp\/v2\/comments?post=102861"}],"version-history":[{"count":0,"href":"https:\/\/www.europesays.com\/fr\/wp-json\/wp\/v2\/posts\/102861\/revisions"}],"wp:featuredmedia":[{"embeddable":true,"href":"https:\/\/www.europesays.com\/fr\/wp-json\/wp\/v2\/media\/102862"}],"wp:attachment":[{"href":"https:\/\/www.europesays.com\/fr\/wp-json\/wp\/v2\/media?parent=102861"}],"wp:term":[{"taxonomy":"category","embeddable":true,"href":"https:\/\/www.europesays.com\/fr\/wp-json\/wp\/v2\/categories?post=102861"},{"taxonomy":"post_tag","embeddable":true,"href":"https:\/\/www.europesays.com\/fr\/wp-json\/wp\/v2\/tags?post=102861"}],"curies":[{"name":"wp","href":"https:\/\/api.w.org\/{rel}","templated":true}]}}