{"id":102867,"date":"2025-05-15T21:28:27","date_gmt":"2025-05-15T21:28:27","guid":{"rendered":"https:\/\/www.europesays.com\/fr\/102867\/"},"modified":"2025-05-15T21:28:27","modified_gmt":"2025-05-15T21:28:27","slug":"attaque-au-couteau-a-nantes-la-tolerance-vis-a-vis-dimages-violentes-est","status":"publish","type":"post","link":"https:\/\/www.europesays.com\/fr\/102867\/","title":{"rendered":"Attaque au couteau \u00e0 Nantes. \u00ab\u00a0La tol\u00e9rance vis-\u00e0-vis d\u2019images violentes est"},"content":{"rendered":"<p><strong>Dans le cadre de notre rubrique \u00ab\u00a0Courrier des lectrices et des lecteurs\u00a0\u00bb, Yves Donne r\u00e9agit par courriel \u00e0 l\u2019attaque mortelle survenue au sein du groupe scolaire Notre-Dame-de-Toutes-Aides de Nantes le 24\u00a0avril dernier\u00a0:<\/strong><\/p>\n<p>Yves Donne (Loire-Atlantique)\u00a0:<\/p>\n<p>\u00ab\u00a0Apr\u00e8s le meurtre d\u2019une lyc\u00e9enne, par un autre \u00e9l\u00e8ve devant toute une classe, nous apprenons que <a href=\"https:\/\/nantes.maville.com\/info\/info-locale\/video-le-profil-de-l-auteur-de-l-attaque-au-couteau-d8f782cf-9c16-3419-99ba-46bb8ffdff88\" target=\"_self\" rel=\"nofollow noopener\">l\u2019agresseur avait coutume de visionner d\u2019horribles vid\u00e9os d\u2019ex\u00e9cution.<\/a> Et que, de plus, il s\u2019employait \u00e0 les diffuser aupr\u00e8s d\u2019adolescents du m\u00eame \u00e2ge. L\u2019un de ceux-ci a t\u00e9moign\u00e9 de son \u00e9tonnement de l\u2019entendre dire que cela le faisait rire.<\/p>\n<p>La tol\u00e9rance vis-\u00e0-vis de la diffusion de telles images est insupportable. \u00c0 l\u2019heure o\u00f9 les actes de violence augmentent en particulier chez les adolescents, il serait grand temps que les pouvoirs publics se saisissent de ce probl\u00e8me. De m\u00eame, pour l\u2019insuffisance notoire de moyens allou\u00e9s aux centres de consultations m\u00e9dico-sociologiques.<\/p>\n<p><strong>Lire aussi\u00a0: <\/strong> <a href=\"https:\/\/rennes.maville.com\/actu\/actudet_-point-de-vue.-l-arrogante-irresponsabilite-des-geants-du-numerique-_53511-6639110_actu.Htm\" target=\"_blank\" rel=\"nofollow noopener\">R\u00e9flexion. \u00ab\u00a0L\u2019arrogante irresponsabilit\u00e9 des g\u00e9ants du num\u00e9rique\u00a0\u00bb<\/a><\/p>\n<p>Au-del\u00e0 de ces institutions en crise, c\u2019est la soci\u00e9t\u00e9 tout enti\u00e8re qui doit s\u2019interroger sur les effets de la valorisation \u00e0 outrance de l\u2019\u00e9panouissement personnel, du souci de soi, de la libert\u00e9 d\u2019expression, au d\u00e9triment des valeurs de coh\u00e9sion sociale, comme la bienveillance, la solidarit\u00e9.<\/p>\n<p><a href=\"https:\/\/rennes.maville.com\/actu\/actudet_--ne-pas-les-diaboliser-la-difficile-question-des-reseaux-sociaux-sur-la-sante-mentale-des-ados-_5-6709409_actu.Htm\" target=\"_self\" rel=\"nofollow noopener\">L\u2019usage immod\u00e9r\u00e9 des \u00e9changes virtuels<\/a>, des r\u00e9seaux sociaux ne d\u00e9veloppe pas cette qualit\u00e9 n\u00e9cessaire au mieux vivre ensemble.\u00a0\u00bb<\/p>\n<p>\u00a0<\/p>\n","protected":false},"excerpt":{"rendered":"Dans le cadre de notre rubrique \u00ab\u00a0Courrier des lectrices et des lecteurs\u00a0\u00bb, Yves Donne r\u00e9agit par courriel \u00e0&hellip;\n","protected":false},"author":2,"featured_media":102868,"comment_status":"","ping_status":"","sticky":false,"template":"","format":"standard","meta":{"footnotes":""},"categories":[2818],"tags":[1111,11,834,5264,1777,674,1011,27,4430,21903,766,12,2636,25,6689,12556,16150,21902,9693],"class_list":{"0":"post-102867","1":"post","2":"type-post","3":"status-publish","4":"format-standard","5":"has-post-thumbnail","7":"category-nantes","8":"tag-actu","9":"tag-actualites","10":"tag-attaque","11":"tag-couteau","12":"tag-eu","13":"tag-europe","14":"tag-fr","15":"tag-france","16":"tag-images","17":"tag-insupportable","18":"tag-nantes","19":"tag-news","20":"tag-pays-de-la-loire","21":"tag-republique-francaise","22":"tag-roche","23":"tag-tolerance","24":"tag-violentes","25":"tag-vis-a-vis","26":"tag-yon"},"share_on_mastodon":{"url":"https:\/\/pubeurope.com\/@fr\/114513975988423088","error":""},"_links":{"self":[{"href":"https:\/\/www.europesays.com\/fr\/wp-json\/wp\/v2\/posts\/102867","targetHints":{"allow":["GET"]}}],"collection":[{"href":"https:\/\/www.europesays.com\/fr\/wp-json\/wp\/v2\/posts"}],"about":[{"href":"https:\/\/www.europesays.com\/fr\/wp-json\/wp\/v2\/types\/post"}],"author":[{"embeddable":true,"href":"https:\/\/www.europesays.com\/fr\/wp-json\/wp\/v2\/users\/2"}],"replies":[{"embeddable":true,"href":"https:\/\/www.europesays.com\/fr\/wp-json\/wp\/v2\/comments?post=102867"}],"version-history":[{"count":0,"href":"https:\/\/www.europesays.com\/fr\/wp-json\/wp\/v2\/posts\/102867\/revisions"}],"wp:featuredmedia":[{"embeddable":true,"href":"https:\/\/www.europesays.com\/fr\/wp-json\/wp\/v2\/media\/102868"}],"wp:attachment":[{"href":"https:\/\/www.europesays.com\/fr\/wp-json\/wp\/v2\/media?parent=102867"}],"wp:term":[{"taxonomy":"category","embeddable":true,"href":"https:\/\/www.europesays.com\/fr\/wp-json\/wp\/v2\/categories?post=102867"},{"taxonomy":"post_tag","embeddable":true,"href":"https:\/\/www.europesays.com\/fr\/wp-json\/wp\/v2\/tags?post=102867"}],"curies":[{"name":"wp","href":"https:\/\/api.w.org\/{rel}","templated":true}]}}