{"id":102869,"date":"2025-05-15T21:29:10","date_gmt":"2025-05-15T21:29:10","guid":{"rendered":"https:\/\/www.europesays.com\/fr\/102869\/"},"modified":"2025-05-15T21:29:10","modified_gmt":"2025-05-15T21:29:10","slug":"mostafa-mohamed-sanctionne-par-le-fc-nantes-pour-son-refus-de-jouer-pour-la-journee-contre-lhomophobie","status":"publish","type":"post","link":"https:\/\/www.europesays.com\/fr\/102869\/","title":{"rendered":"Mostafa Mohamed sanctionn\u00e9 par le FC Nantes pour son refus de jouer pour la journ\u00e9e contre l\u2019homophobie"},"content":{"rendered":"<p>        <img decoding=\"async\" loading=\"lazy\" src=\"https:\/\/www.europesays.com\/fr\/wp-content\/uploads\/2025\/05\/d0d7125_sirius-fs-upload-1-6hh3bonecmbz-1747337529028-000-36xe3dk.jpg\"  width=\"728\" height=\"409\" alt=\"Mostafa Mohamed, ici lors du match de Ligue 1\u00a0Nantes-Brest, le 7\u00a0f\u00e9vrier 2025.\"\/>  <\/p>\n<p>DAMIEN MEYER \/ AFP<\/p>\n<p>Mostafa Mohamed, ici lors du match de Ligue 1\u00a0Nantes-Brest, le 7\u00a0f\u00e9vrier 2025.<\/p>\n<p class=\"asset asset-text\">FOOTBALL &#8211; Son club ne laissera pas passer. Le FC Nantes sanctionnera financi\u00e8rement son attaquant \u00e9gyptien Mostafa Mohamed, qui refuse de jouer le match d\u00e9cisif pour le maintien contre Montpellier ce samedi, lors de la journ\u00e9e d\u00e9di\u00e9e par la Ligue 1 \u00e0 la lutte contre <a href=\"https:\/\/www.huffingtonpost.fr\/sport\/article\/la-fff-condamne-fermement-les-propos-homophobes-d-airine-fontaine-joueuse-du-fc-fleury_247498.html\" rel=\"nofollow noopener\" target=\"_blank\">l\u2019homophobie<\/a>.<\/p>\n<p class=\"asset asset-text\">L\u2019attaquant international est coutumier du fait puisqu\u2019il avait refus\u00e9 de jouer, <a href=\"https:\/\/www.huffingtonpost.fr\/sport\/article\/en-ligue-1-et-2-ces-joueurs-refusent-de-porter-le-maillot-arc-en-ciel-contre-l-homophobie_217827.html\" rel=\"nofollow noopener\" target=\"_blank\">lors des deux derni\u00e8res saisons<\/a>, les rencontres pr\u00e9vues lors de la journ\u00e9e de mobilisation contre les violences et la discrimination envers les personnes homosexuelles.<\/p>\n<p class=\"asset asset-text\">En 2023, son entourage avait \u00e9voqu\u00e9 des \u00ab\u00a0menaces\u00a0\u00bb contre lui s\u2019il jouait cette journ\u00e9e, mais le club lui avait alors d\u00e9j\u00e0 inflig\u00e9 une amende revers\u00e9e \u00e0 SOS\u00a0Homophobie.<\/p>\n<p class=\"asset asset-text\">Une autre source proche du club a indiqu\u00e9 l\u2019AFP que, cette ann\u00e9e encore, l\u2019argent serait revers\u00e9 \u00e0 une association luttant contre l\u2019homophobie, confirmant une information de RMC et L\u2019\u00c9quipe. Le montant de l\u2019amende n\u2019est pas connu.<\/p>\n<p class=\"asset asset-text\">\u00c0 la mi-journ\u00e9e, en conf\u00e9rence de presse, l\u2019entra\u00eeneur Antoine Kombouar\u00e9 avait invoqu\u00e9 une possible blessure du joueur pour justifier son absence \u00e0 l\u2019entra\u00eenement du matin.<\/p>\n<p>    Antoine Kombouar\u00e9 g\u00ean\u00e9 en conf\u00e9rence de presse    <\/p>\n<p class=\"asset asset-text\">\u00ab\u00a0Euh&#8230; petit souci musculaire\u00a0\u00bb, avait lanc\u00e9, manifestement g\u00ean\u00e9, le Kanak. Interrog\u00e9 sp\u00e9cifiquement sur un possible lien avec la journ\u00e9e contre l\u2019homophobie, et apr\u00e8s un grand soupir, Kombouar\u00e9 avait poursuivi\u00a0: \u00ab\u00a0apr\u00e8s on peut tout imaginer. Moi, c\u2019est le cadet de mes soucis, aujourd\u2019hui\u00a0\u00bb.<\/p>\n<p class=\"asset asset-text\">\u00ab\u00a0Je pr\u00e9pare un match vital pour le club, crucial pour le club, donc (ce qui m\u2019int\u00e9resse) c\u2019est\u00a0: quels sont les joueurs, aujourd\u2019hui, concern\u00e9s par le match, qui sont pr\u00eats \u00e0 aller chercher une victoire contre Montpellier. Le reste&#8230;\u00a0\u00bb, avait-il argument\u00e9.<\/p>\n<p class=\"asset asset-text\">Mais Mostafa Mohamed ne figure finalement pas dans le groupe parti se mettre au vert \u00e0 deux jours de cette rencontre d\u00e9cisive.<\/p>\n<p class=\"asset asset-text\">Quinzi\u00e8me et premier non rel\u00e9gable avec 33 points, Nantes a besoin d\u2019un point lors de la 34e et derni\u00e8re journ\u00e9e pour \u00eatre assur\u00e9 de jouer en L1 l\u2019an prochain sans d\u00e9pendre du r\u00e9sultat du\u00a0Havre, 16e et barragiste virtuel \u00e0 deux longueurs des Canaris, qui se d\u00e9place \u00e0 Strasbourg.<\/p>\n<p class=\"asset asset-text\">Mostafa Mohamed n\u2019est pas le seul joueur \u00e0 avoir refus\u00e9 de jouer ou protest\u00e9 contre la journ\u00e9e de lutte contre l\u2019homophobie.<\/p>\n<p class=\"asset asset-text\">En 2024, la LFP avait suspendu pour quatre matches le milieu de terrain malien de l\u2019AS Monaco, Mohamed Camara, <a href=\"https:\/\/www.huffingtonpost.fr\/sport\/article\/homophobie-mohamed-camara-de-monaco-a-cache-les-patchs-de-la-lfp-sur-son-maillot_234158.html\" rel=\"nofollow noopener\" target=\"_blank\">parce qu\u2019il avait masqu\u00e9 le logo de l\u2019op\u00e9ration sur son maillot avec du sparadrap<\/a>. Le joueur avait re\u00e7u le soutien de personnalit\u00e9s maliennes et de nombreux compatriotes, au nom du respect des convictions personnelles et religieuses.<\/p>\n<p class=\"asset asset-text\"><strong>\u00c0 voir \u00e9galement sur Le HuffPost\u00a0:<\/strong><\/p>\n<p> La lecture de ce contenu est susceptible d\u2019entra\u00eener un d\u00e9p\u00f4t de cookies de la part de l\u2019op\u00e9rateur tiers qui l\u2019h\u00e9berge. Compte-tenu des choix que vous avez exprim\u00e9s en mati\u00e8re de d\u00e9p\u00f4t de cookies, nous avons bloqu\u00e9 l\u2019affichage de ce contenu. Si vous souhaitez y acc\u00e9der, vous devez accepter la cat\u00e9gorie de cookies \u201cContenus tiers\u201d en cliquant sur le bouton ci-dessous. <\/p>\n<p> Lire la Vid\u00e9o                <\/p>\n","protected":false},"excerpt":{"rendered":"DAMIEN MEYER \/ AFP Mostafa Mohamed, ici lors du match de Ligue 1\u00a0Nantes-Brest, le 7\u00a0f\u00e9vrier 2025. FOOTBALL &#8211;&hellip;\n","protected":false},"author":2,"featured_media":102870,"comment_status":"","ping_status":"","sticky":false,"template":"","format":"standard","meta":{"footnotes":""},"categories":[2818],"tags":[1111,11,1777,674,462,63,1011,27,8717,66,766,12,2636,25,517],"class_list":{"0":"post-102869","1":"post","2":"type-post","3":"status-publish","4":"format-standard","5":"has-post-thumbnail","7":"category-nantes","8":"tag-actu","9":"tag-actualites","10":"tag-eu","11":"tag-europe","12":"tag-fc-nantes","13":"tag-football","14":"tag-fr","15":"tag-france","16":"tag-homophobie","17":"tag-ligue-1","18":"tag-nantes","19":"tag-news","20":"tag-pays-de-la-loire","21":"tag-republique-francaise","22":"tag-sport"},"share_on_mastodon":{"url":"https:\/\/pubeurope.com\/@fr\/114513979887023226","error":""},"_links":{"self":[{"href":"https:\/\/www.europesays.com\/fr\/wp-json\/wp\/v2\/posts\/102869","targetHints":{"allow":["GET"]}}],"collection":[{"href":"https:\/\/www.europesays.com\/fr\/wp-json\/wp\/v2\/posts"}],"about":[{"href":"https:\/\/www.europesays.com\/fr\/wp-json\/wp\/v2\/types\/post"}],"author":[{"embeddable":true,"href":"https:\/\/www.europesays.com\/fr\/wp-json\/wp\/v2\/users\/2"}],"replies":[{"embeddable":true,"href":"https:\/\/www.europesays.com\/fr\/wp-json\/wp\/v2\/comments?post=102869"}],"version-history":[{"count":0,"href":"https:\/\/www.europesays.com\/fr\/wp-json\/wp\/v2\/posts\/102869\/revisions"}],"wp:featuredmedia":[{"embeddable":true,"href":"https:\/\/www.europesays.com\/fr\/wp-json\/wp\/v2\/media\/102870"}],"wp:attachment":[{"href":"https:\/\/www.europesays.com\/fr\/wp-json\/wp\/v2\/media?parent=102869"}],"wp:term":[{"taxonomy":"category","embeddable":true,"href":"https:\/\/www.europesays.com\/fr\/wp-json\/wp\/v2\/categories?post=102869"},{"taxonomy":"post_tag","embeddable":true,"href":"https:\/\/www.europesays.com\/fr\/wp-json\/wp\/v2\/tags?post=102869"}],"curies":[{"name":"wp","href":"https:\/\/api.w.org\/{rel}","templated":true}]}}