{"id":102883,"date":"2025-05-15T21:36:10","date_gmt":"2025-05-15T21:36:10","guid":{"rendered":"https:\/\/www.europesays.com\/fr\/102883\/"},"modified":"2025-05-15T21:36:10","modified_gmt":"2025-05-15T21:36:10","slug":"un-homme-se-tue-en-chutant-de-la-facade-quil-escaladait","status":"publish","type":"post","link":"https:\/\/www.europesays.com\/fr\/102883\/","title":{"rendered":"un homme se tue en chutant de la fa\u00e7ade qu&rsquo;il escaladait"},"content":{"rendered":"<p>Un homme de 58 ans est mort ce jeudi 15 mai dans la soir\u00e9e, apr\u00e8s avoir fait une <a href=\"https:\/\/www.laprovence.com\/article\/region\/63194592754562\/un-parapentiste-gravement-blesse-par-une-chute-a-banon-dans-les-alpes-de-haute-provence\" target=\"_blank\" rel=\"nofollow noopener\">chute<\/a> mortelle alors qu&rsquo;il tentait d&rsquo;escalader la fa\u00e7ade d&rsquo;un immeuble situ\u00e9 avenue de la Grande Arm\u00e9e, dans le 1er arrondissement de <a href=\"https:\/\/www.laprovence.com\/bouches-du-rhone\/marseille-13055\" target=\"_blank\" rel=\"nofollow noopener\">Marseille<\/a>. <\/p>\n<p>Selon les premiers \u00e9l\u00e9ments recueillis sur place, il aurait tent\u00e9 de p\u00e9n\u00e9trer peu avant 20 h 30 dans son propre appartement du centre-ville dont il avait oubli\u00e9 les cl\u00e9s. Le quinquag\u00e9naire a chut\u00e9 d&rsquo;une hauteur comprise entre le deuxi\u00e8me et le troisi\u00e8me \u00e9tage.<\/p>\n<p>L&rsquo;hypoth\u00e8se d&rsquo;un accident sur fond de soir\u00e9e alcoolis\u00e9e n&rsquo;est pas \u00e9cart\u00e9e par les forces de l&rsquo;ordre qui se sont rendues sur les lieux et privil\u00e9gient \u00e0 cette heure la piste accidentelle selon nos informations. Appel\u00e9s par des t\u00e9moins, des <a href=\"https:\/\/www.laprovence.com\/article\/faits-divers-justice\/1334520620161314\/des-marins-pompiers-agresses-en-pleine-intervention-a-marseille\" target=\"_blank\" rel=\"nofollow noopener\">marins-pompiers<\/a> de Marseille ont \u00e9galement \u00e9t\u00e9 d\u00e9p\u00each\u00e9s au secours de la victime, mais ils n&rsquo;ont pu que constater son d\u00e9c\u00e8s sur place.<\/p>\n","protected":false},"excerpt":{"rendered":"Un homme de 58 ans est mort ce jeudi 15 mai dans la soir\u00e9e, apr\u00e8s avoir fait une&hellip;\n","protected":false},"author":2,"featured_media":102884,"comment_status":"","ping_status":"","sticky":false,"template":"","format":"standard","meta":{"footnotes":""},"categories":[2814],"tags":[17,1111,11,21904,21905,1777,674,4816,274,1011,27,4933,884,12,882,18017,25,5911],"class_list":{"0":"post-102883","1":"post","2":"type-post","3":"status-publish","4":"format-standard","5":"has-post-thumbnail","7":"category-marseille","8":"tag-17","9":"tag-actu","10":"tag-actualites","11":"tag-chutant","12":"tag-escaladait","13":"tag-eu","14":"tag-europe","15":"tag-facade","16":"tag-faits-divers-justice","17":"tag-fr","18":"tag-france","19":"tag-homme","20":"tag-marseille","21":"tag-news","22":"tag-provence-alpes-cote-dazur","23":"tag-quil","24":"tag-republique-francaise","25":"tag-tue"},"share_on_mastodon":{"url":"https:\/\/pubeurope.com\/@fr\/114514007441834158","error":""},"_links":{"self":[{"href":"https:\/\/www.europesays.com\/fr\/wp-json\/wp\/v2\/posts\/102883","targetHints":{"allow":["GET"]}}],"collection":[{"href":"https:\/\/www.europesays.com\/fr\/wp-json\/wp\/v2\/posts"}],"about":[{"href":"https:\/\/www.europesays.com\/fr\/wp-json\/wp\/v2\/types\/post"}],"author":[{"embeddable":true,"href":"https:\/\/www.europesays.com\/fr\/wp-json\/wp\/v2\/users\/2"}],"replies":[{"embeddable":true,"href":"https:\/\/www.europesays.com\/fr\/wp-json\/wp\/v2\/comments?post=102883"}],"version-history":[{"count":0,"href":"https:\/\/www.europesays.com\/fr\/wp-json\/wp\/v2\/posts\/102883\/revisions"}],"wp:featuredmedia":[{"embeddable":true,"href":"https:\/\/www.europesays.com\/fr\/wp-json\/wp\/v2\/media\/102884"}],"wp:attachment":[{"href":"https:\/\/www.europesays.com\/fr\/wp-json\/wp\/v2\/media?parent=102883"}],"wp:term":[{"taxonomy":"category","embeddable":true,"href":"https:\/\/www.europesays.com\/fr\/wp-json\/wp\/v2\/categories?post=102883"},{"taxonomy":"post_tag","embeddable":true,"href":"https:\/\/www.europesays.com\/fr\/wp-json\/wp\/v2\/tags?post=102883"}],"curies":[{"name":"wp","href":"https:\/\/api.w.org\/{rel}","templated":true}]}}