{"id":102885,"date":"2025-05-15T21:37:13","date_gmt":"2025-05-15T21:37:13","guid":{"rendered":"https:\/\/www.europesays.com\/fr\/102885\/"},"modified":"2025-05-15T21:37:13","modified_gmt":"2025-05-15T21:37:13","slug":"le-depute-insoumis-sebastien-delogu-perquisitionne-a-marseille","status":"publish","type":"post","link":"https:\/\/www.europesays.com\/fr\/102885\/","title":{"rendered":"Le d\u00e9put\u00e9 insoumis S\u00e9bastien Delogu perquisitionn\u00e9 \u00e0 Marseille"},"content":{"rendered":"<p>Le domicile et la permanence parlementaire du <a href=\"https:\/\/www.humanite.fr\/politique\/assemblee-nationale\/le-depute-lfi-sebastien-delogu-exclu-15-jours-apres-avoir-brandi-un-drapeau-palestinien-a-lassemblee\" target=\"_blank\" rel=\"noopener\">d\u00e9put\u00e9 insoumis S\u00e9bastien Delogu<\/a> ont \u00e9t\u00e9 perquisitionn\u00e9s par la brigade financi\u00e8re ce jeudi 15 mai au matin. L\u2019\u00e9lu marseillais a pr\u00e9cis\u00e9, aupr\u00e8s de Marsactu, \u00eatre vis\u00e9 pour des faits pr\u00e9sum\u00e9s de \u00ab recel de documents issus d\u2019un vol \u00bb. <\/p>\n<p>Le parquet de Marseille a pr\u00e9cis\u00e9 que ces perquisitions interviennent \u00ab dans le cadre d\u2019une enqu\u00eate pr\u00e9liminaire ouverte en octobre 2024 pour vol, recel de vol, mise en danger par r\u00e9v\u00e9lation d\u2019information relative \u00e0 la vie priv\u00e9e par communication publique en ligne et atteinte au secret des correspondances \u00bb.<\/p>\n<p>La FI d\u00e9nonce un \u00ab acharnement cibl\u00e9 \u00bb<\/p>\n<p>D\u2019apr\u00e8s le t\u00e9moignage de proches du d\u00e9put\u00e9 \u00e0 l\u2019AFP, cette action serait li\u00e9e \u00e0 une saisine effectu\u00e9e par le parlementaire huit mois plus t\u00f4t. En septembre 2024, S\u00e9bastien Delogu et <a href=\"https:\/\/www.humanite.fr\/politique\/emmanuel-macron\/manuel-bompard-un-pacte-de-non-censure-avec-gabriel-attal-est-impossible\" target=\"_blank\" rel=\"noopener\">Manuel Bompard, lui aussi d\u00e9put\u00e9 phoc\u00e9en insoumis<\/a>, ont saisi le procureur en vertu de l\u2019article 40 au sujet de l\u2019entreprise de nettoyage Laser Propret\u00e9, au centre d\u2019un conflit social touchant le nettoyage du m\u00e9tro et de la gare Saint-Charles de Marseille. <\/p>\n<p>Huit mois plus tard, \u00e0 l\u2019annonce de ces perquisitions, S\u00e9bastien Delogu confie trouver \u00ab inacceptable que la justice me perquisitionne pour un recel de documents alors que je d\u00e9non\u00e7ais des faits graves aupr\u00e8s de la justice \u00bb. Toujours selon des proches, une des personnes vis\u00e9es par ce signalement a ensuite d\u00e9pos\u00e9 plainte pour recel de vol de documents, et ce serait dans ce cadre que les perquisitions auraient \u00e9t\u00e9 men\u00e9es, les policiers cherchant \u00e0 r\u00e9cup\u00e9rer ces documents. Le parquet a quant \u00e0 lui confirm\u00e9 la plainte mais pas le lien entre les deux affaires.<\/p>\n<p>Sur les r\u00e9seaux sociaux, les insoumis n\u2019ont pas manqu\u00e9 de r\u00e9agir, \u00e0 commencer par Manuel Bompard, co-auteur de la saisine contre Laser propret\u00e9. Le coordinateur national de LFI d\u00e9nonce un \u00ab acharnement cibl\u00e9 \u00bb et des \u00ab campagnes d\u2019intimidations contre les d\u00e9put\u00e9s insoumis \u00bb et rappelle\u00a0\u00ab qu\u2019il existe en France une loi de protection des lanceurs d\u2019alerte qui fournit en particulier une protection l\u00e9gale aux personnes qui signalent des infractions au sein d\u2019une entreprise \u00bb. C\u2019est \u00ab le monde \u00e0 l\u2019envers ! \u00bb a pour sa part exprim\u00e9 Jean-Luc M\u00e9lenchon.<\/p>\n<p>Le m\u00e9dia que les milliardaires ne peuvent pas s\u2019acheter<\/p>\n<p>Nous ne sommes financ\u00e9s par aucun milliardaire. Et nous en sommes fiers\u00a0! Mais nous sommes confront\u00e9s \u00e0 des d\u00e9fis financiers constants. Soutenez-nous\u00a0! Votre don sera d\u00e9fiscalis\u00e9\u00a0: donner 5\u20ac vous reviendra \u00e0 1.65\u20ac. Le prix d\u2019un caf\u00e9.<br \/><a href=\"https:\/\/www.humanite.fr\/lhumanite-cest-vous\" target=\"_blank\" rel=\"noopener\">Je veux en savoir plus\u00a0!<\/a><\/p>\n","protected":false},"excerpt":{"rendered":"Le domicile et la permanence parlementaire du d\u00e9put\u00e9 insoumis S\u00e9bastien Delogu ont \u00e9t\u00e9 perquisitionn\u00e9s par la brigade financi\u00e8re&hellip;\n","protected":false},"author":2,"featured_media":102886,"comment_status":"","ping_status":"","sticky":false,"template":"","format":"standard","meta":{"footnotes":""},"categories":[2814],"tags":[1111,11,1777,674,1011,27,4728,17852,884,12,882,25],"class_list":{"0":"post-102885","1":"post","2":"type-post","3":"status-publish","4":"format-standard","5":"has-post-thumbnail","7":"category-marseille","8":"tag-actu","9":"tag-actualites","10":"tag-eu","11":"tag-europe","12":"tag-fr","13":"tag-france","14":"tag-france-insoumise","15":"tag-manuel-bompard","16":"tag-marseille","17":"tag-news","18":"tag-provence-alpes-cote-dazur","19":"tag-republique-francaise"},"share_on_mastodon":{"url":"https:\/\/pubeurope.com\/@fr\/114514011252939680","error":""},"_links":{"self":[{"href":"https:\/\/www.europesays.com\/fr\/wp-json\/wp\/v2\/posts\/102885","targetHints":{"allow":["GET"]}}],"collection":[{"href":"https:\/\/www.europesays.com\/fr\/wp-json\/wp\/v2\/posts"}],"about":[{"href":"https:\/\/www.europesays.com\/fr\/wp-json\/wp\/v2\/types\/post"}],"author":[{"embeddable":true,"href":"https:\/\/www.europesays.com\/fr\/wp-json\/wp\/v2\/users\/2"}],"replies":[{"embeddable":true,"href":"https:\/\/www.europesays.com\/fr\/wp-json\/wp\/v2\/comments?post=102885"}],"version-history":[{"count":0,"href":"https:\/\/www.europesays.com\/fr\/wp-json\/wp\/v2\/posts\/102885\/revisions"}],"wp:featuredmedia":[{"embeddable":true,"href":"https:\/\/www.europesays.com\/fr\/wp-json\/wp\/v2\/media\/102886"}],"wp:attachment":[{"href":"https:\/\/www.europesays.com\/fr\/wp-json\/wp\/v2\/media?parent=102885"}],"wp:term":[{"taxonomy":"category","embeddable":true,"href":"https:\/\/www.europesays.com\/fr\/wp-json\/wp\/v2\/categories?post=102885"},{"taxonomy":"post_tag","embeddable":true,"href":"https:\/\/www.europesays.com\/fr\/wp-json\/wp\/v2\/tags?post=102885"}],"curies":[{"name":"wp","href":"https:\/\/api.w.org\/{rel}","templated":true}]}}