{"id":10289,"date":"2025-04-08T13:21:19","date_gmt":"2025-04-08T13:21:19","guid":{"rendered":"https:\/\/www.europesays.com\/fr\/10289\/"},"modified":"2025-04-08T13:21:19","modified_gmt":"2025-04-08T13:21:19","slug":"les-tensions-grimpent-en-estonie-a-proximite-de-la-frontiere-russe","status":"publish","type":"post","link":"https:\/\/www.europesays.com\/fr\/10289\/","title":{"rendered":"les tensions grimpent en Estonie, \u00e0 proximit\u00e9 de la fronti\u00e8re Russe"},"content":{"rendered":"<p class=\"article-p mdl\">L&rsquo;Estonie, \u00e0 moins de trois heures d&rsquo;avion de Paris au nord de l&rsquo;Europe et comptant 1.300.000 habitants, se pr\u00e9pare \u00e0 une \u00e9ventuelle attaque russe, voire une guerre. L&rsquo;Estonie qui est membre de l&rsquo;Union europ\u00e9enne et de l&rsquo;OTAN, offre 300 km de <strong>fronti\u00e8res communes avec la Russie<\/strong>. RTL s&rsquo;est rendu \u00e0 <strong>Narva<\/strong>, au plus pr\u00e8s de la Russie, aupr\u00e8s des gardes fronti\u00e8res estoniens.<\/p>\n<p class=\"article-p mdl\">Cette ville de 50.000 habitants n&rsquo;est <strong>s\u00e9par\u00e9e de la Russie que de 150 m\u00e8tres par une rivi\u00e8re<\/strong> que longe la capitaine Karine au volant de son pick-up militaire. Il s&rsquo;agit de la premi\u00e8re ligne de d\u00e9fense.<\/p>\n<p class=\"article-p mdl\">\u00ab\u00a0Notre mission est de patrouiller le long de la fronti\u00e8re afin de contr\u00f4ler que rien de grave ne se produise, que personne ne traverse ou fasse quelque chose d&rsquo;ill\u00e9gal, c&rsquo;est la <strong>premi\u00e8re entr\u00e9e vers l&rsquo;Europe<\/strong> et ce travail est donc tr\u00e8s important\u00a0\u00bb, explique la garde foresti\u00e8re.<\/p>\n<p>            Une surveillance tr\u00e8s accrue de la fronti\u00e8re<\/p>\n<p class=\"article-p mdl\">Sur une tablette, la fonctionnaire r\u00e9pertorie les mouvements des gardes-fronti\u00e8res russes qui s&rsquo;approchent parfois en bateau. Le v\u00e9hicule s&rsquo;arr\u00eate. Le commissaire Yannick descend pour observer la rive d&rsquo;en face avec des jumelles.<\/p>\n<p class=\"article-p mdl\">\u00ab\u00a0Ces derni\u00e8res semaines, nous avons remarqu\u00e9 de nouvelles petites constructions au bord du fleuve. Vous voyez l\u00e0 cette petite maison en bois ? \u00c0 l&rsquo;int\u00e9rieur, nous avons remarqu\u00e9 qu&rsquo;il y avait <strong>deux petites cam\u00e9ras de surveillance<\/strong>. Pour le moment, la situation \u00e0 la fronti\u00e8re est calme, mais on ne sait pas ce qui peut se passer\u00a0\u00bb, d\u00e9clare l&rsquo;Estonien.<\/p>\n<p>            Une situation frontali\u00e8re propice aux tensions et aux inqui\u00e9tudes<\/p>\n<p class=\"article-p mdl\">\u00ab\u00a0On se tient pr\u00eat \u00e0 toutes les situations. Mais <strong>la Russie multiplie les provocations<\/strong>, r\u00e9guli\u00e8rement, elle <strong>brouille les signaux GPS et a fait dispara\u00eetre les bou\u00e9es<\/strong> qui marquent la fronti\u00e8re sur le fleuve\u00a0\u00bb, raconte Yannick.<\/p>\n<p class=\"article-p mdl\">Narva reste l&rsquo;un des rares points de passage entre les deux pays. Un\u00a0<strong>pont de l&rsquo;Amiti\u00e9 relie encore les deux pays<\/strong> o\u00f9 des barbel\u00e9s et des blocs de b\u00e9ton servent d&rsquo;obstacle anti-char. Sous la neige, des dizaines de personnes attendent de franchir \u00e0 pied le poste fronti\u00e8re. Vitali est arriv\u00e9 en bus depuis Tallinn. Il va retrouver sa famille c\u00f4t\u00e9 russe.<\/p>\n<p class=\"article-p mdl\">\u00ab\u00a0Ils retiennent les gens ici longtemps afin de faire des<strong> v\u00e9rifications pouss\u00e9es de toutes les valises<\/strong>, jusqu&rsquo;\u00e0 sept heures. Comme moi, la plupart des personnes ici ont des proches de l&rsquo;autre c\u00f4t\u00e9, c&rsquo;est important pour nous de pouvoir continuer \u00e0 les voir, affirme celui-ci\u00a0\u00bb\u00a0<\/p>\n<p class=\"article-p mdl\">Pour le moment, le passage reste ouvert. Mais depuis l&rsquo;invasion de l&rsquo;Ukraine, Lisa, m\u00e8re de famille, craint ici une \u00e9ventuelle offensive de Vladimir Poutine contre l&rsquo;Estonie.<\/p>\n<p class=\"article-p mdl\">\u00ab\u00a0Si la Russie souhaite nous envahir, elle le fera. C&rsquo;est une possibilit\u00e9. <strong>L&rsquo;OTAN est notre meilleure garantie de s\u00e9curit\u00e9<\/strong> pour \u00e7a. Si quelque chose devait arriver, <strong>on a d\u00e9j\u00e0 nos valises qui sont pr\u00eates<\/strong>, on partira le plus vite possible d&rsquo;ici et on se mettra \u00e0 l&rsquo;abri, peut-\u00eatre ailleurs dans le pays\u00a0\u00bb, d\u00e9clare Lisa, pr\u00e9occup\u00e9e.<\/p>\n<p>            Comment se pr\u00e9pare Narva face \u00e0 une \u00e9ventuelle agression russe ?<\/p>\n<p class=\"article-p mdl\">La ville a mis en place un comit\u00e9 de crise, pr\u00e9vu <strong>des abris<\/strong> o\u00f9 les habitants pourraient se r\u00e9fugier,<strong> des r\u00e9serves d&rsquo;eau et de nourriture<\/strong>. Mais en cas d&rsquo;assaut des troupes russes, l&rsquo;Estonie pourrait surtout compter sur son arm\u00e9e et le renfort de <strong>40.000 volontaires de la Ligue de D\u00e9fense estonienne<\/strong>.<\/p>\n<p>\u00ab\u00a0Nous pourrons redevenir amis avec la Russie quand le r\u00e9gime aura chang\u00e9, mais ce n&rsquo;est pas le cas, <strong>la situation g\u00e9opolitique est tr\u00e8s tendue\u00a0\u00bb<\/strong>, explique\u00a0Sven Majorov qui s&rsquo;entra\u00eene chaque week-end.<\/p>\n<p>\u00ab\u00a0<strong>Je ne dirais pas que j&rsquo;ai peur, cela me donne plut\u00f4t de la motivation<\/strong>, la chose la plus importante, c&rsquo;est d&rsquo;\u00eatre pr\u00eat et de suivre les instructions\u00a0\u00bb, assure Sven. Celui-ci affirme \u00ab\u00a0ne pas imaginer fuir l&rsquo;Estonie, ma place est ici, chez moi. J&rsquo;ai une responsabilit\u00e9, celle de combattre\u00a0\u00bb.<\/p>\n<p>Pour se d\u00e9fendre, l&rsquo;Estonie a planifi\u00e9 la construction de plusieurs dizaines de bunkers le long des <strong>330 km de fronti\u00e8res<\/strong> avec la Russie. L&rsquo;objectif est de<strong> r\u00e9sister quelques semaines en attendant le renfort des pays de l&rsquo;OTAN<\/strong>.<\/p>\n<p>    La r\u00e9daction vous recommande<\/p>\n<p class=\"s-newsletter__title\">\n                L\u2019actualit\u00e9 par la r\u00e9daction de RTL dans votre bo\u00eete mail.\n            <\/p>\n<p class=\"s-newsletter__subtitle\">\n                Gr\u00e2ce \u00e0 votre compte RTL abonnez-vous \u00e0 la newsletter RTL info pour suivre toute l&rsquo;actualit\u00e9 au quotidien\n            <\/p>\n<p>\n                                    Lire la suite\n                                <\/p>\n","protected":false},"excerpt":{"rendered":"L&rsquo;Estonie, \u00e0 moins de trois heures d&rsquo;avion de Paris au nord de l&rsquo;Europe et comptant 1.300.000 habitants, se&hellip;\n","protected":false},"author":2,"featured_media":10290,"comment_status":"","ping_status":"","sticky":false,"template":"","format":"standard","meta":{"footnotes":""},"categories":[1591],"tags":[11,1887,107,3535,131,1922,14,12,362,1885,1886,132],"class_list":{"0":"post-10289","1":"post","2":"type-post","3":"status-publish","4":"format-standard","5":"has-post-thumbnail","7":"category-russie","8":"tag-actualites","9":"tag-federation-de-russie","10":"tag-fil-info","11":"tag-geopolitique","12":"tag-guerre-en-ukraine","13":"tag-info","14":"tag-international","15":"tag-news","16":"tag-replay","17":"tag-russia","18":"tag-russian-federation","19":"tag-russie"},"share_on_mastodon":{"url":"https:\/\/pubeurope.com\/@fr\/114302555481849162","error":""},"_links":{"self":[{"href":"https:\/\/www.europesays.com\/fr\/wp-json\/wp\/v2\/posts\/10289","targetHints":{"allow":["GET"]}}],"collection":[{"href":"https:\/\/www.europesays.com\/fr\/wp-json\/wp\/v2\/posts"}],"about":[{"href":"https:\/\/www.europesays.com\/fr\/wp-json\/wp\/v2\/types\/post"}],"author":[{"embeddable":true,"href":"https:\/\/www.europesays.com\/fr\/wp-json\/wp\/v2\/users\/2"}],"replies":[{"embeddable":true,"href":"https:\/\/www.europesays.com\/fr\/wp-json\/wp\/v2\/comments?post=10289"}],"version-history":[{"count":0,"href":"https:\/\/www.europesays.com\/fr\/wp-json\/wp\/v2\/posts\/10289\/revisions"}],"wp:featuredmedia":[{"embeddable":true,"href":"https:\/\/www.europesays.com\/fr\/wp-json\/wp\/v2\/media\/10290"}],"wp:attachment":[{"href":"https:\/\/www.europesays.com\/fr\/wp-json\/wp\/v2\/media?parent=10289"}],"wp:term":[{"taxonomy":"category","embeddable":true,"href":"https:\/\/www.europesays.com\/fr\/wp-json\/wp\/v2\/categories?post=10289"},{"taxonomy":"post_tag","embeddable":true,"href":"https:\/\/www.europesays.com\/fr\/wp-json\/wp\/v2\/tags?post=10289"}],"curies":[{"name":"wp","href":"https:\/\/api.w.org\/{rel}","templated":true}]}}