{"id":102893,"date":"2025-05-15T21:42:11","date_gmt":"2025-05-15T21:42:11","guid":{"rendered":"https:\/\/www.europesays.com\/fr\/102893\/"},"modified":"2025-05-15T21:42:11","modified_gmt":"2025-05-15T21:42:11","slug":"435-kilos-de-cocaine-saisis-dans-la-capitale-un-record","status":"publish","type":"post","link":"https:\/\/www.europesays.com\/fr\/102893\/","title":{"rendered":"435 kilos de coca\u00efne saisis dans la capitale, un record"},"content":{"rendered":"<p class=\"article-p mdl\">C&rsquo;est une saisie record dans la capitale. Mardi 13 mai, la brigade des stup\u00e9fiants a mis la main sur <strong>435 kilos de coca\u00efne dans le XIIe arrondissement de Paris<\/strong>, a indiqu\u00e9 ce jeudi le parquet, confirmant une information du Parisien. Cette saisie a \u00e9t\u00e9 r\u00e9alis\u00e9e dans le cadre d&rsquo;une enqu\u00eate pr\u00e9liminaire diligent\u00e9e par la brigade des stup\u00e9fiants de la pr\u00e9fecture de police de Paris.<\/p>\n<p class=\"article-p mdl\"><a class=\"link\" href=\"https:\/\/www.leparisien.fr\/faits-divers\/saisie-record-a-paris-435-kilos-de-cocaine-decouverts-dans-une-cave-quatre-hommes-places-en-garde-a-vue-15-05-2025-IKV4F2W5FFCFHOPR5FGVVX4SBY.php\" target=\"_blank\" rel=\"noopener\">Le quotidien<\/a>\u00a0a indiqu\u00e9 que <strong>quatre personnes ont \u00e9t\u00e9 interpell\u00e9es<\/strong> puis plac\u00e9es en garde \u00e0 vue. Ils sont, pour la plupart, d\u00e9j\u00e0 connus des services de police, est-il pr\u00e9cis\u00e9. Outre les 435 kilos de coca\u00efne, <strong>25 000 euros en liquide et 400 grammes de cannabis<\/strong> ont \u00e9galement \u00e9t\u00e9 saisis. Selon les enqu\u00eateurs, la marchandise provenait de Marseille. Des perquisitions ont eu lieu dans la r\u00e9gion marseillaise, a ajout\u00e9 Le Parisien.<\/p>\n<p class=\"article-p mdl\">En 2024, les services fran\u00e7ais (police, gendarmerie, douanes et marine nationale) ont saisi 53,5 tonnes de coca\u00efne, soit une augmentation de 130 % par rapport \u00e0 2023 (23 tonnes), selon des chiffres du minist\u00e8re de l&rsquo;Int\u00e9rieur.<\/p>\n<p>    La r\u00e9daction vous recommande<\/p>\n<p class=\"s-newsletter__title\">\n                L\u2019actualit\u00e9 par la r\u00e9daction de RTL dans votre bo\u00eete mail.\n            <\/p>\n<p class=\"s-newsletter__subtitle\">\n                Gr\u00e2ce \u00e0 votre compte RTL abonnez-vous \u00e0 la newsletter RTL info pour suivre toute l&rsquo;actualit\u00e9 au quotidien\n            <\/p>\n<p>\n                                    Lire la suite\n                                <\/p>\n","protected":false},"excerpt":{"rendered":"C&rsquo;est une saisie record dans la capitale. Mardi 13 mai, la brigade des stup\u00e9fiants a mis la main&hellip;\n","protected":false},"author":2,"featured_media":102894,"comment_status":"","ping_status":"","sticky":false,"template":"","format":"standard","meta":{"footnotes":""},"categories":[1888],"tags":[1111,1928,11,1927,3993,1777,674,107,1011,27,12,1926,626,1925,1072,25],"class_list":{"0":"post-102893","1":"post","2":"type-post","3":"status-publish","4":"format-standard","5":"has-post-thumbnail","7":"category-paris","8":"tag-actu","9":"tag-actu-paris","10":"tag-actualites","11":"tag-actualites-paris","12":"tag-cocaine","13":"tag-eu","14":"tag-europe","15":"tag-fil-info","16":"tag-fr","17":"tag-france","18":"tag-news","19":"tag-news-paris","20":"tag-paris","21":"tag-paris-news","22":"tag-police","23":"tag-republique-francaise"},"share_on_mastodon":{"url":"https:\/\/pubeurope.com\/@fr\/114514031197909749","error":""},"_links":{"self":[{"href":"https:\/\/www.europesays.com\/fr\/wp-json\/wp\/v2\/posts\/102893","targetHints":{"allow":["GET"]}}],"collection":[{"href":"https:\/\/www.europesays.com\/fr\/wp-json\/wp\/v2\/posts"}],"about":[{"href":"https:\/\/www.europesays.com\/fr\/wp-json\/wp\/v2\/types\/post"}],"author":[{"embeddable":true,"href":"https:\/\/www.europesays.com\/fr\/wp-json\/wp\/v2\/users\/2"}],"replies":[{"embeddable":true,"href":"https:\/\/www.europesays.com\/fr\/wp-json\/wp\/v2\/comments?post=102893"}],"version-history":[{"count":0,"href":"https:\/\/www.europesays.com\/fr\/wp-json\/wp\/v2\/posts\/102893\/revisions"}],"wp:featuredmedia":[{"embeddable":true,"href":"https:\/\/www.europesays.com\/fr\/wp-json\/wp\/v2\/media\/102894"}],"wp:attachment":[{"href":"https:\/\/www.europesays.com\/fr\/wp-json\/wp\/v2\/media?parent=102893"}],"wp:term":[{"taxonomy":"category","embeddable":true,"href":"https:\/\/www.europesays.com\/fr\/wp-json\/wp\/v2\/categories?post=102893"},{"taxonomy":"post_tag","embeddable":true,"href":"https:\/\/www.europesays.com\/fr\/wp-json\/wp\/v2\/tags?post=102893"}],"curies":[{"name":"wp","href":"https:\/\/api.w.org\/{rel}","templated":true}]}}